{"id":7190,"date":"2025-01-23T10:41:57","date_gmt":"2025-01-23T09:41:57","guid":{"rendered":"https:\/\/www.keepi.sk\/?p=7190"},"modified":"2025-07-24T22:52:00","modified_gmt":"2025-07-24T20:52:00","slug":"v-softipe-sa-meni-top-manazment-dusana-guldana-strieda-martin-vlcko","status":"publish","type":"post","link":"https:\/\/www.keepi.sk\/sk\/v-softipe-sa-meni-top-manazment-dusana-guldana-strieda-martin-vlcko\/","title":{"rendered":"V SOFTIPe sa men\u00ed top mana\u017ement. Du\u0161ana Guldana strieda Martin Vl\u010dko"},"content":{"rendered":"\t\t<div data-elementor-type=\"wp-post\" data-elementor-id=\"7190\" class=\"elementor elementor-7190\" data-elementor-post-type=\"post\">\n\t\t\t\t<div class=\"elementor-element elementor-element-7508af64 e-con-full e-flex e-con e-parent\" data-id=\"7508af64\" data-element_type=\"container\" data-e-type=\"container\" data-settings=\"{&quot;background_background&quot;:&quot;classic&quot;}\">\n\t\t<div class=\"elementor-element elementor-element-16eea480 e-flex e-con-boxed e-con e-child\" data-id=\"16eea480\" data-element_type=\"container\" data-e-type=\"container\">\n\t\t\t\t\t<div class=\"e-con-inner\">\n\t\t<div class=\"elementor-element elementor-element-15490849 e-con-full e-flex e-con e-child\" data-id=\"15490849\" data-element_type=\"container\" data-e-type=\"container\">\n\t\t\t\t<div class=\"elementor-element elementor-element-7f43bdf3 elementor-widget elementor-widget-heading\" data-id=\"7f43bdf3\" data-element_type=\"widget\" data-e-type=\"widget\" data-widget_type=\"heading.default\">\n\t\t\t\t<div class=\"elementor-widget-container\">\n\t\t\t\t\t<h1 class=\"elementor-heading-title elementor-size-default\">V SOFTIPe sa men\u00ed top mana\u017ement. Du\u0161ana Guldana strieda Martin Vl\u010dko<\/h1>\t\t\t\t<\/div>\n\t\t\t\t<\/div>\n\t\t\t\t<\/div>\n\t\t\t\t\t<\/div>\n\t\t\t\t<\/div>\n\t\t\t\t<\/div>\n\t\t<div class=\"elementor-element elementor-element-296e265c e-flex e-con-boxed e-con e-parent\" data-id=\"296e265c\" data-element_type=\"container\" data-e-type=\"container\">\n\t\t\t\t\t<div class=\"e-con-inner\">\n\t\t<div class=\"elementor-element elementor-element-2742b2d6 e-con-full e-flex e-con e-child\" data-id=\"2742b2d6\" data-element_type=\"container\" data-e-type=\"container\">\n\t\t\t\t<div class=\"elementor-element elementor-element-2ad29456 elementor-widget elementor-widget-post-info\" data-id=\"2ad29456\" data-element_type=\"widget\" data-e-type=\"widget\" data-widget_type=\"post-info.default\">\n\t\t\t\t<div class=\"elementor-widget-container\">\n\t\t\t\t\t\t\t<ul class=\"elementor-inline-items elementor-icon-list-items elementor-post-info\">\n\t\t\t\t\t\t\t\t<li class=\"elementor-icon-list-item elementor-repeater-item-f0282cb elementor-inline-item\" itemprop=\"datePublished\">\n\t\t\t\t\t\t\t\t\t\t\t\t\t<span class=\"elementor-icon-list-text elementor-post-info__item elementor-post-info__item--type-date\">\n\t\t\t\t\t\t\t\t\t\t<time>23.01.2025<\/time>\t\t\t\t\t<\/span>\n\t\t\t\t\t\t\t\t<\/li>\n\t\t\t\t<\/ul>\n\t\t\t\t\t\t<\/div>\n\t\t\t\t<\/div>\n\t\t\t\t<div class=\"elementor-element elementor-element-889d8ab elementor-widget elementor-widget-theme-post-excerpt\" data-id=\"889d8ab\" data-element_type=\"widget\" data-e-type=\"widget\" data-widget_type=\"theme-post-excerpt.default\">\n\t\t\t\t<div class=\"elementor-widget-container\">\n\t\t\t\t\tV SOFTIPe do\u0161lo k zmene na najvy\u0161\u0161ej mana\u017e\u00e9rskej poz\u00edcii. Nov\u00fdm gener\u00e1lnym riadite\u013eom a z\u00e1rove\u0148 predsedom predstavenstva sa od 1. janu\u00e1ra 2025 stal Martin Vl\u010dko. Nahradil Du\u0161ana Guldana, ktor\u00fd po vy\u0161e 30 rokoch p\u00f4sobenia v mana\u017emente tejto najv\u00fdznamnej\u0161ej slovenskej spolo\u010dnosti v oblasti podnikov\u00fdch IT odch\u00e1dza do d\u00f4chodku.\t\t\t\t<\/div>\n\t\t\t\t<\/div>\n\t\t\t\t<div class=\"elementor-element elementor-element-4f7ffb13 elementor-widget elementor-widget-spacer\" data-id=\"4f7ffb13\" data-element_type=\"widget\" data-e-type=\"widget\" data-widget_type=\"spacer.default\">\n\t\t\t\t<div class=\"elementor-widget-container\">\n\t\t\t\t\t\t\t<div class=\"elementor-spacer\">\n\t\t\t<div class=\"elementor-spacer-inner\"><\/div>\n\t\t<\/div>\n\t\t\t\t\t\t<\/div>\n\t\t\t\t<\/div>\n\t\t\t\t<div class=\"elementor-element elementor-element-224f4ecb elementor-widget elementor-widget-text-editor\" data-id=\"224f4ecb\" data-element_type=\"widget\" data-e-type=\"widget\" data-widget_type=\"text-editor.default\">\n\t\t\t\t<div class=\"elementor-widget-container\">\n\t\t\t\t\t\t\t\t\t<p>\u201eDu\u0161an Guldan pomohol vybudova\u0165 zo SOFTIPu jednu z\u00a0najre\u0161pektovanej\u0161\u00edch technologick\u00fdch zna\u010diek na Slovensku a\u00a0\u00faspe\u0161ne ju etabloval aj na zahrani\u010dn\u00fdch trhoch. Jeho tri dek\u00e1dy trvaj\u00faca kari\u00e9ra u\u00a0n\u00e1s je nielen na slovensk\u00e9 pomery unik\u00e1tna. Za toto obdobie pre\u0161li digit\u00e1lne technol\u00f3gie obrovsk\u00fdm v\u00fdvojom a\u00a0trhy mnoh\u00fdmi turbulenciami. Aj v\u010faka Du\u0161anovi na to dok\u00e1zal SOFTIP reagova\u0165 a\u00a0prich\u00e1dza\u0165 s\u00a0rie\u0161eniami a\u00a0slu\u017ebami, ktor\u00e9 s\u00fa inovat\u00edvne a\u00a0konkurencieschopn\u00e9,\u201c povedal nov\u00fd gener\u00e1lny riadite\u013e firmy.<\/p><p>\u00a0<\/p><p><strong>Martin Vl\u010dko<\/strong>\u00a0do nej nast\u00fapil u\u017e v\u00a0roku 2007 ako ekon\u00f3m so zameran\u00edm na controlling. Od\u00a01.\u00a0janu\u00e1ra 2012 p\u00f4sob\u00ed ako finan\u010dn\u00fd riadite\u013e a od 2. m\u00e1ja 2012 je \u010dlenom predstavenstva.<\/p><p>\u00a0<\/p><p>\u201eM\u00e1 bohat\u00e9 sk\u00fasenosti i\u00a0vynikaj\u00face predpoklady \u010falej rozv\u00edja\u0165 SOFTIP a\u00a0\u00faspe\u0161ne ho dovies\u0165 do \u00e9ry umelej inteligencie. Som optimista, preto\u017ee je tu v\u00fdborn\u00fd t\u00edm, do ktor\u00e9ho sa prirodzene za\u010dle\u0148uj\u00fa mlad\u00ed \u013eudia a\u00a0nov\u00e9, inovat\u00edvne my\u0161lienky,\u201c skon\u0161tatoval Du\u0161an Guldan. \u201e\u010eakujem v\u0161etk\u00fdm svojim kolegom aj spolupracovn\u00edkom za to, \u017ee som mal mo\u017enos\u0165 tak dlho p\u00f4sobi\u0165 vo firme, ktor\u00e1 sa stala mojou druhou rodinou. Aj preto som \u0161\u0165astn\u00fd, ke\u010f vid\u00edm, \u017ee SOFTIP m\u00e1 pred sebou bud\u00facnos\u0165.\u201c<\/p><p>\u00a0<\/p><p><strong>Du\u0161an Guldan<\/strong>\u00a0nast\u00fapil do SOFTIPu v\u00a0roku 1994 na poz\u00edciu riadite\u013ea obchodu strategick\u00fdch z\u00e1kazn\u00edkov. Predsedom predstavenstva a\u00a0v\u00fdkonn\u00fdm riadite\u013eom bol od 2. m\u00e1ja 2012. V\u00a0predstavenstve spolo\u010dnosti ost\u00e1va aj na\u010falej, ako \u010dlen predstavenstva.<\/p><p>\u00a0<\/p><p>Od\u00a01. 1. 2025 sa tak men\u00ed len postavenie \u010dlenov predstavenstva, pri\u010dom osoby konaj\u00face v\u00a0mene spolo\u010dnosti sa nemenia. Okrem Martina Vl\u010dka, ktor\u00fd je nov\u00fdm predsedom predstavenstva, sa\u00a0nov\u00fdm podpredsedom predstavenstva stal Radovan B\u00e1lent (predt\u00fdm \u010dlen predstavenstva).<\/p>\t\t\t\t\t\t\t\t<\/div>\n\t\t\t\t<\/div>\n\t\t\t\t<div class=\"elementor-element elementor-element-1cfb3a0a elementor-widget elementor-widget-spacer\" data-id=\"1cfb3a0a\" data-element_type=\"widget\" data-e-type=\"widget\" data-widget_type=\"spacer.default\">\n\t\t\t\t<div class=\"elementor-widget-container\">\n\t\t\t\t\t\t\t<div class=\"elementor-spacer\">\n\t\t\t<div class=\"elementor-spacer-inner\"><\/div>\n\t\t<\/div>\n\t\t\t\t\t\t<\/div>\n\t\t\t\t<\/div>\n\t\t\t\t<div class=\"elementor-element elementor-element-7ca1c5b6 elementor-widget elementor-widget-image\" data-id=\"7ca1c5b6\" data-element_type=\"widget\" data-e-type=\"widget\" data-widget_type=\"image.default\">\n\t\t\t\t<div class=\"elementor-widget-container\">\n\t\t\t\t\t\t\t\t\t\t\t\t\t\t\t<img fetchpriority=\"high\" decoding=\"async\" width=\"800\" height=\"450\" src=\"https:\/\/www.keepi.sk\/wp-content\/uploads\/2025\/02\/predstavenstvo-softip-1920x1080-1-1024x576.jpg\" class=\"attachment-large size-large wp-image-7191\" alt=\"\" srcset=\"https:\/\/www.keepi.sk\/wp-content\/uploads\/2025\/02\/predstavenstvo-softip-1920x1080-1-1024x576.jpg 1024w, https:\/\/www.keepi.sk\/wp-content\/uploads\/2025\/02\/predstavenstvo-softip-1920x1080-1-300x169.jpg 300w, https:\/\/www.keepi.sk\/wp-content\/uploads\/2025\/02\/predstavenstvo-softip-1920x1080-1-768x432.jpg 768w, https:\/\/www.keepi.sk\/wp-content\/uploads\/2025\/02\/predstavenstvo-softip-1920x1080-1-18x10.jpg 18w, https:\/\/www.keepi.sk\/wp-content\/uploads\/2025\/02\/predstavenstvo-softip-1920x1080-1.jpg 1170w\" sizes=\"(max-width: 800px) 100vw, 800px\" \/>\t\t\t\t\t\t\t\t\t\t\t\t\t\t\t<\/div>\n\t\t\t\t<\/div>\n\t\t\t\t<div class=\"elementor-element elementor-element-6e1bae15 elementor-widget elementor-widget-heading\" data-id=\"6e1bae15\" data-element_type=\"widget\" data-e-type=\"widget\" data-widget_type=\"heading.default\">\n\t\t\t\t<div class=\"elementor-widget-container\">\n\t\t\t\t\t<h2 class=\"elementor-heading-title elementor-size-default\">Predstavenstvo spolo\u010dnosti SOFTIP<\/h2>\t\t\t\t<\/div>\n\t\t\t\t<\/div>\n\t\t\t\t<div class=\"elementor-element elementor-element-5f0d88a1 elementor-widget elementor-widget-spacer\" data-id=\"5f0d88a1\" data-element_type=\"widget\" data-e-type=\"widget\" data-widget_type=\"spacer.default\">\n\t\t\t\t<div class=\"elementor-widget-container\">\n\t\t\t\t\t\t\t<div class=\"elementor-spacer\">\n\t\t\t<div class=\"elementor-spacer-inner\"><\/div>\n\t\t<\/div>\n\t\t\t\t\t\t<\/div>\n\t\t\t\t<\/div>\n\t\t\t\t<div class=\"elementor-element elementor-element-3ad3c151 elementor-widget elementor-widget-text-editor\" data-id=\"3ad3c151\" data-element_type=\"widget\" data-e-type=\"widget\" data-widget_type=\"text-editor.default\">\n\t\t\t\t<div class=\"elementor-widget-container\">\n\t\t\t\t\t\t\t\t\t<p>Spolo\u010dnos\u0165 SOFTIP vznikla v\u00a0roku 1991. Za 33 rokov na trhu sa zaradila medzi najv\u00fdznamnej\u0161ie slovensk\u00e9 firmy v\u00a0segmente v\u00fdvoja a\u00a0poskytovania IT rie\u0161en\u00ed pre firemn\u00fd sektor a\u00a0verejn\u00fa spr\u00e1vu. Spolupracuje s popredn\u00fdmi svetov\u00fdmi technologick\u00fdmi l\u00eddrami ako s\u00fa SAP \u010di Microsoft, ktor\u00ed ju viackr\u00e1t pasovali medzi svojich najlep\u0161\u00edch partnerov v\u00a0regi\u00f3ne CEE. V\u00a0roku 2024 sa SOFTIP zaradil dokonca medzi finalistov glob\u00e1lnej s\u00fa\u0165a\u017ee\u00a0<a href=\"https:\/\/www.keepi.sk\/slovenska-it-firma-ziskala-ocenenie-v-konkurencii-z-celeho-sveta\/\" target=\"_blank\" rel=\"noopener\">Microsoft Partner of the Year<\/a>. Okrem Slovenska p\u00f4sob\u00ed vo viac ako dvadsiatke \u010fal\u0161\u00edch kraj\u00edn na celom svete. V apr\u00edli 2024 sa SOFTIP stal s\u00fa\u010das\u0165ou medzin\u00e1rodnej skupiny\u00a0<a href=\"https:\/\/www.synteca.sk\/\" target=\"_blank\" rel=\"noopener\">SYNTECA<\/a>.<\/p>\t\t\t\t\t\t\t\t<\/div>\n\t\t\t\t<\/div>\n\t\t\t\t<\/div>\n\t\t\t\t\t<\/div>\n\t\t\t\t<\/div>\n\t\t\t\t<\/div>\n\t\t","protected":false},"excerpt":{"rendered":"<p>V SOFTIPe do\u0161lo k zmene na najvy\u0161\u0161ej mana\u017e\u00e9rskej poz\u00edcii. Nov\u00fdm gener\u00e1lnym riadite\u013eom a z\u00e1rove\u0148 predsedom predstavenstva sa od 1. janu\u00e1ra 2025 stal Martin Vl\u010dko. Nahradil Du\u0161ana Guldana, ktor\u00fd po vy\u0161e 30 rokoch p\u00f4sobenia v mana\u017emente tejto najv\u00fdznamnej\u0161ej slovenskej spolo\u010dnosti v oblasti podnikov\u00fdch IT odch\u00e1dza do d\u00f4chodku.<\/p>\n","protected":false},"author":4,"featured_media":26790,"comment_status":"closed","ping_status":"closed","sticky":false,"template":"","format":"standard","meta":{"footnotes":""},"categories":[79],"tags":[24],"class_list":["post-7190","post","type-post","status-publish","format-standard","has-post-thumbnail","hentry","category-novinky","tag-aktuality"],"yoast_head":"<!-- This site is optimized with the Yoast SEO Premium plugin v26.2 (Yoast SEO v26.2) - https:\/\/yoast.com\/wordpress\/plugins\/seo\/ -->\n<title>V SOFTIPe sa men\u00ed top mana\u017ement. Du\u0161ana Guldana strieda Martin Vl\u010dko - Keepi online \u00fa\u010dtovn\u00edctvo<\/title>\n<meta name=\"robots\" content=\"index, follow, max-snippet:-1, max-image-preview:large, max-video-preview:-1\" \/>\n<link rel=\"canonical\" href=\"https:\/\/www.keepi.sk\/sk\/v-softipe-sa-meni-top-manazment-dusana-guldana-strieda-martin-vlcko\/\" \/>\n<meta property=\"og:locale\" content=\"sk_SK\" \/>\n<meta property=\"og:type\" content=\"article\" \/>\n<meta property=\"og:title\" content=\"V SOFTIPe sa men\u00ed top mana\u017ement. Du\u0161ana Guldana strieda Martin Vl\u010dko\" \/>\n<meta property=\"og:description\" content=\"V SOFTIPe do\u0161lo k zmene na najvy\u0161\u0161ej mana\u017e\u00e9rskej poz\u00edcii. Nov\u00fdm gener\u00e1lnym riadite\u013eom a z\u00e1rove\u0148 predsedom predstavenstva sa od 1. janu\u00e1ra 2025 stal Martin Vl\u010dko. Nahradil Du\u0161ana Guldana, ktor\u00fd po vy\u0161e 30 rokoch p\u00f4sobenia v mana\u017emente tejto najv\u00fdznamnej\u0161ej slovenskej spolo\u010dnosti v oblasti podnikov\u00fdch IT odch\u00e1dza do d\u00f4chodku.\" \/>\n<meta property=\"og:url\" content=\"https:\/\/www.keepi.sk\/sk\/v-softipe-sa-meni-top-manazment-dusana-guldana-strieda-martin-vlcko\/\" \/>\n<meta property=\"og:site_name\" content=\"Keepi online \u00fa\u010dtovn\u00edctvo\" \/>\n<meta property=\"article:published_time\" content=\"2025-01-23T09:41:57+00:00\" \/>\n<meta property=\"article:modified_time\" content=\"2025-07-24T20:52:00+00:00\" \/>\n<meta property=\"og:image\" content=\"https:\/\/www.keepi.sk\/wp-content\/uploads\/2025\/01\/martin-vlcko-1920x1080-1.jpg\" \/>\n\t<meta property=\"og:image:width\" content=\"1920\" \/>\n\t<meta property=\"og:image:height\" content=\"1080\" \/>\n\t<meta property=\"og:image:type\" content=\"image\/jpeg\" \/>\n<meta name=\"author\" content=\"Janka Medve\u010fov\u00e1\" \/>\n<meta name=\"twitter:card\" content=\"summary_large_image\" \/>\n<meta name=\"twitter:label1\" content=\"Autor\" \/>\n\t<meta name=\"twitter:data1\" content=\"Janka Medve\u010fov\u00e1\" \/>\n\t<meta name=\"twitter:label2\" content=\"Predpokladan\u00fd \u010das \u010d\u00edtania\" \/>\n\t<meta name=\"twitter:data2\" content=\"2 min\u00faty\" \/>\n<script type=\"application\/ld+json\" class=\"yoast-schema-graph\">{\"@context\":\"https:\/\/schema.org\",\"@graph\":[{\"@type\":\"Article\",\"@id\":\"https:\/\/www.keepi.sk\/v-softipe-sa-meni-top-manazment-dusana-guldana-strieda-martin-vlcko\/#article\",\"isPartOf\":{\"@id\":\"https:\/\/www.keepi.sk\/v-softipe-sa-meni-top-manazment-dusana-guldana-strieda-martin-vlcko\/\"},\"author\":{\"name\":\"Janka Medve\u010fov\u00e1\",\"@id\":\"https:\/\/www.keepi.sk\/#\/schema\/person\/60a38cc02fd747ff53a06dca6051fcd2\"},\"headline\":\"V SOFTIPe sa men\u00ed top mana\u017ement. Du\u0161ana Guldana strieda Martin Vl\u010dko\",\"datePublished\":\"2025-01-23T09:41:57+00:00\",\"dateModified\":\"2025-07-24T20:52:00+00:00\",\"mainEntityOfPage\":{\"@id\":\"https:\/\/www.keepi.sk\/v-softipe-sa-meni-top-manazment-dusana-guldana-strieda-martin-vlcko\/\"},\"wordCount\":438,\"publisher\":{\"@id\":\"https:\/\/www.keepi.sk\/#organization\"},\"image\":{\"@id\":\"https:\/\/www.keepi.sk\/v-softipe-sa-meni-top-manazment-dusana-guldana-strieda-martin-vlcko\/#primaryimage\"},\"thumbnailUrl\":\"https:\/\/www.keepi.sk\/wp-content\/uploads\/2025\/01\/martin-vlcko-1920x1080-1.jpg\",\"keywords\":[\"Aktuality\"],\"articleSection\":[\"Novinky\"],\"inLanguage\":\"sk-SK\"},{\"@type\":\"WebPage\",\"@id\":\"https:\/\/www.keepi.sk\/v-softipe-sa-meni-top-manazment-dusana-guldana-strieda-martin-vlcko\/\",\"url\":\"https:\/\/www.keepi.sk\/v-softipe-sa-meni-top-manazment-dusana-guldana-strieda-martin-vlcko\/\",\"name\":\"V SOFTIPe sa men\u00ed top mana\u017ement. Du\u0161ana Guldana strieda Martin Vl\u010dko - Keepi online \u00fa\u010dtovn\u00edctvo\",\"isPartOf\":{\"@id\":\"https:\/\/www.keepi.sk\/#website\"},\"primaryImageOfPage\":{\"@id\":\"https:\/\/www.keepi.sk\/v-softipe-sa-meni-top-manazment-dusana-guldana-strieda-martin-vlcko\/#primaryimage\"},\"image\":{\"@id\":\"https:\/\/www.keepi.sk\/v-softipe-sa-meni-top-manazment-dusana-guldana-strieda-martin-vlcko\/#primaryimage\"},\"thumbnailUrl\":\"https:\/\/www.keepi.sk\/wp-content\/uploads\/2025\/01\/martin-vlcko-1920x1080-1.jpg\",\"datePublished\":\"2025-01-23T09:41:57+00:00\",\"dateModified\":\"2025-07-24T20:52:00+00:00\",\"breadcrumb\":{\"@id\":\"https:\/\/www.keepi.sk\/v-softipe-sa-meni-top-manazment-dusana-guldana-strieda-martin-vlcko\/#breadcrumb\"},\"inLanguage\":\"sk-SK\",\"potentialAction\":[{\"@type\":\"ReadAction\",\"target\":[\"https:\/\/www.keepi.sk\/v-softipe-sa-meni-top-manazment-dusana-guldana-strieda-martin-vlcko\/\"]}]},{\"@type\":\"ImageObject\",\"inLanguage\":\"sk-SK\",\"@id\":\"https:\/\/www.keepi.sk\/v-softipe-sa-meni-top-manazment-dusana-guldana-strieda-martin-vlcko\/#primaryimage\",\"url\":\"https:\/\/www.keepi.sk\/wp-content\/uploads\/2025\/01\/martin-vlcko-1920x1080-1.jpg\",\"contentUrl\":\"https:\/\/www.keepi.sk\/wp-content\/uploads\/2025\/01\/martin-vlcko-1920x1080-1.jpg\",\"width\":1920,\"height\":1080},{\"@type\":\"BreadcrumbList\",\"@id\":\"https:\/\/www.keepi.sk\/v-softipe-sa-meni-top-manazment-dusana-guldana-strieda-martin-vlcko\/#breadcrumb\",\"itemListElement\":[{\"@type\":\"ListItem\",\"position\":1,\"name\":\"Domov\",\"item\":\"https:\/\/www.keepi.sk\/\"},{\"@type\":\"ListItem\",\"position\":2,\"name\":\"V SOFTIPe sa men\u00ed top mana\u017ement. Du\u0161ana Guldana strieda Martin Vl\u010dko\"}]},{\"@type\":\"WebSite\",\"@id\":\"https:\/\/www.keepi.sk\/#website\",\"url\":\"https:\/\/www.keepi.sk\/\",\"name\":\"Online \u00fa\u010dtovn\u00edctvo a faktur\u00e1cia\",\"description\":\"Keepi - tvoj osobn\u00fd \u00fa\u010dtovn\u00edk \/ Online \u00fa\u010dtovn\u00edctvo a faktur\u00e1cia\",\"publisher\":{\"@id\":\"https:\/\/www.keepi.sk\/#organization\"},\"potentialAction\":[{\"@type\":\"SearchAction\",\"target\":{\"@type\":\"EntryPoint\",\"urlTemplate\":\"https:\/\/www.keepi.sk\/?s={search_term_string}\"},\"query-input\":{\"@type\":\"PropertyValueSpecification\",\"valueRequired\":true,\"valueName\":\"search_term_string\"}}],\"inLanguage\":\"sk-SK\"},{\"@type\":\"Organization\",\"@id\":\"https:\/\/www.keepi.sk\/#organization\",\"name\":\"Keepi\",\"url\":\"https:\/\/www.keepi.sk\/\",\"logo\":{\"@type\":\"ImageObject\",\"inLanguage\":\"sk-SK\",\"@id\":\"https:\/\/www.keepi.sk\/#\/schema\/logo\/image\/\",\"url\":\"https:\/\/www.keepi.sk\/wp-content\/uploads\/2025\/10\/keepi-logo-header-2.png\",\"contentUrl\":\"https:\/\/www.keepi.sk\/wp-content\/uploads\/2025\/10\/keepi-logo-header-2.png\",\"width\":506,\"height\":144,\"caption\":\"Keepi\"},\"image\":{\"@id\":\"https:\/\/www.keepi.sk\/#\/schema\/logo\/image\/\"}},{\"@type\":\"Person\",\"@id\":\"https:\/\/www.keepi.sk\/#\/schema\/person\/60a38cc02fd747ff53a06dca6051fcd2\",\"name\":\"Janka Medve\u010fov\u00e1\",\"image\":{\"@type\":\"ImageObject\",\"inLanguage\":\"sk-SK\",\"@id\":\"https:\/\/www.keepi.sk\/#\/schema\/person\/image\/\",\"url\":\"https:\/\/secure.gravatar.com\/avatar\/7dafeec9f51ee1a32505fd42d1dd341d133383e1a1a2a01abd1e8bfc5c11cc15?s=96&d=mm&r=g\",\"contentUrl\":\"https:\/\/secure.gravatar.com\/avatar\/7dafeec9f51ee1a32505fd42d1dd341d133383e1a1a2a01abd1e8bfc5c11cc15?s=96&d=mm&r=g\",\"caption\":\"Janka Medve\u010fov\u00e1\"},\"url\":\"https:\/\/www.keepi.sk\/sk\/author\/jmedvedova\/\"}]}<\/script>\n<!-- \/ Yoast SEO Premium plugin. -->","yoast_head_json":{"title":"V SOFTIPe sa men\u00ed top mana\u017ement. Du\u0161ana Guldana strieda Martin Vl\u010dko - Keepi online \u00fa\u010dtovn\u00edctvo","robots":{"index":"index","follow":"follow","max-snippet":"max-snippet:-1","max-image-preview":"max-image-preview:large","max-video-preview":"max-video-preview:-1"},"canonical":"https:\/\/www.keepi.sk\/sk\/v-softipe-sa-meni-top-manazment-dusana-guldana-strieda-martin-vlcko\/","og_locale":"sk_SK","og_type":"article","og_title":"V SOFTIPe sa men\u00ed top mana\u017ement. Du\u0161ana Guldana strieda Martin Vl\u010dko","og_description":"V SOFTIPe do\u0161lo k zmene na najvy\u0161\u0161ej mana\u017e\u00e9rskej poz\u00edcii. Nov\u00fdm gener\u00e1lnym riadite\u013eom a z\u00e1rove\u0148 predsedom predstavenstva sa od 1. janu\u00e1ra 2025 stal Martin Vl\u010dko. Nahradil Du\u0161ana Guldana, ktor\u00fd po vy\u0161e 30 rokoch p\u00f4sobenia v mana\u017emente tejto najv\u00fdznamnej\u0161ej slovenskej spolo\u010dnosti v oblasti podnikov\u00fdch IT odch\u00e1dza do d\u00f4chodku.","og_url":"https:\/\/www.keepi.sk\/sk\/v-softipe-sa-meni-top-manazment-dusana-guldana-strieda-martin-vlcko\/","og_site_name":"Keepi online \u00fa\u010dtovn\u00edctvo","article_published_time":"2025-01-23T09:41:57+00:00","article_modified_time":"2025-07-24T20:52:00+00:00","og_image":[{"width":1920,"height":1080,"url":"https:\/\/www.keepi.sk\/wp-content\/uploads\/2025\/01\/martin-vlcko-1920x1080-1.jpg","type":"image\/jpeg"}],"author":"Janka Medve\u010fov\u00e1","twitter_card":"summary_large_image","twitter_misc":{"Autor":"Janka Medve\u010fov\u00e1","Predpokladan\u00fd \u010das \u010d\u00edtania":"2 min\u00faty"},"schema":{"@context":"https:\/\/schema.org","@graph":[{"@type":"Article","@id":"https:\/\/www.keepi.sk\/v-softipe-sa-meni-top-manazment-dusana-guldana-strieda-martin-vlcko\/#article","isPartOf":{"@id":"https:\/\/www.keepi.sk\/v-softipe-sa-meni-top-manazment-dusana-guldana-strieda-martin-vlcko\/"},"author":{"name":"Janka Medve\u010fov\u00e1","@id":"https:\/\/www.keepi.sk\/#\/schema\/person\/60a38cc02fd747ff53a06dca6051fcd2"},"headline":"V SOFTIPe sa men\u00ed top mana\u017ement. Du\u0161ana Guldana strieda Martin Vl\u010dko","datePublished":"2025-01-23T09:41:57+00:00","dateModified":"2025-07-24T20:52:00+00:00","mainEntityOfPage":{"@id":"https:\/\/www.keepi.sk\/v-softipe-sa-meni-top-manazment-dusana-guldana-strieda-martin-vlcko\/"},"wordCount":438,"publisher":{"@id":"https:\/\/www.keepi.sk\/#organization"},"image":{"@id":"https:\/\/www.keepi.sk\/v-softipe-sa-meni-top-manazment-dusana-guldana-strieda-martin-vlcko\/#primaryimage"},"thumbnailUrl":"https:\/\/www.keepi.sk\/wp-content\/uploads\/2025\/01\/martin-vlcko-1920x1080-1.jpg","keywords":["Aktuality"],"articleSection":["Novinky"],"inLanguage":"sk-SK"},{"@type":"WebPage","@id":"https:\/\/www.keepi.sk\/v-softipe-sa-meni-top-manazment-dusana-guldana-strieda-martin-vlcko\/","url":"https:\/\/www.keepi.sk\/v-softipe-sa-meni-top-manazment-dusana-guldana-strieda-martin-vlcko\/","name":"V SOFTIPe sa men\u00ed top mana\u017ement. Du\u0161ana Guldana strieda Martin Vl\u010dko - Keepi online \u00fa\u010dtovn\u00edctvo","isPartOf":{"@id":"https:\/\/www.keepi.sk\/#website"},"primaryImageOfPage":{"@id":"https:\/\/www.keepi.sk\/v-softipe-sa-meni-top-manazment-dusana-guldana-strieda-martin-vlcko\/#primaryimage"},"image":{"@id":"https:\/\/www.keepi.sk\/v-softipe-sa-meni-top-manazment-dusana-guldana-strieda-martin-vlcko\/#primaryimage"},"thumbnailUrl":"https:\/\/www.keepi.sk\/wp-content\/uploads\/2025\/01\/martin-vlcko-1920x1080-1.jpg","datePublished":"2025-01-23T09:41:57+00:00","dateModified":"2025-07-24T20:52:00+00:00","breadcrumb":{"@id":"https:\/\/www.keepi.sk\/v-softipe-sa-meni-top-manazment-dusana-guldana-strieda-martin-vlcko\/#breadcrumb"},"inLanguage":"sk-SK","potentialAction":[{"@type":"ReadAction","target":["https:\/\/www.keepi.sk\/v-softipe-sa-meni-top-manazment-dusana-guldana-strieda-martin-vlcko\/"]}]},{"@type":"ImageObject","inLanguage":"sk-SK","@id":"https:\/\/www.keepi.sk\/v-softipe-sa-meni-top-manazment-dusana-guldana-strieda-martin-vlcko\/#primaryimage","url":"https:\/\/www.keepi.sk\/wp-content\/uploads\/2025\/01\/martin-vlcko-1920x1080-1.jpg","contentUrl":"https:\/\/www.keepi.sk\/wp-content\/uploads\/2025\/01\/martin-vlcko-1920x1080-1.jpg","width":1920,"height":1080},{"@type":"BreadcrumbList","@id":"https:\/\/www.keepi.sk\/v-softipe-sa-meni-top-manazment-dusana-guldana-strieda-martin-vlcko\/#breadcrumb","itemListElement":[{"@type":"ListItem","position":1,"name":"Domov","item":"https:\/\/www.keepi.sk\/"},{"@type":"ListItem","position":2,"name":"V SOFTIPe sa men\u00ed top mana\u017ement. Du\u0161ana Guldana strieda Martin Vl\u010dko"}]},{"@type":"WebSite","@id":"https:\/\/www.keepi.sk\/#website","url":"https:\/\/www.keepi.sk\/","name":"Online \u00fa\u010dtovn\u00edctvo a faktur\u00e1cia","description":"Keepi - tvoj osobn\u00fd \u00fa\u010dtovn\u00edk \/ Online \u00fa\u010dtovn\u00edctvo a faktur\u00e1cia","publisher":{"@id":"https:\/\/www.keepi.sk\/#organization"},"potentialAction":[{"@type":"SearchAction","target":{"@type":"EntryPoint","urlTemplate":"https:\/\/www.keepi.sk\/?s={search_term_string}"},"query-input":{"@type":"PropertyValueSpecification","valueRequired":true,"valueName":"search_term_string"}}],"inLanguage":"sk-SK"},{"@type":"Organization","@id":"https:\/\/www.keepi.sk\/#organization","name":"Keepi","url":"https:\/\/www.keepi.sk\/","logo":{"@type":"ImageObject","inLanguage":"sk-SK","@id":"https:\/\/www.keepi.sk\/#\/schema\/logo\/image\/","url":"https:\/\/www.keepi.sk\/wp-content\/uploads\/2025\/10\/keepi-logo-header-2.png","contentUrl":"https:\/\/www.keepi.sk\/wp-content\/uploads\/2025\/10\/keepi-logo-header-2.png","width":506,"height":144,"caption":"Keepi"},"image":{"@id":"https:\/\/www.keepi.sk\/#\/schema\/logo\/image\/"}},{"@type":"Person","@id":"https:\/\/www.keepi.sk\/#\/schema\/person\/60a38cc02fd747ff53a06dca6051fcd2","name":"Janka Medve\u010fov\u00e1","image":{"@type":"ImageObject","inLanguage":"sk-SK","@id":"https:\/\/www.keepi.sk\/#\/schema\/person\/image\/","url":"https:\/\/secure.gravatar.com\/avatar\/7dafeec9f51ee1a32505fd42d1dd341d133383e1a1a2a01abd1e8bfc5c11cc15?s=96&d=mm&r=g","contentUrl":"https:\/\/secure.gravatar.com\/avatar\/7dafeec9f51ee1a32505fd42d1dd341d133383e1a1a2a01abd1e8bfc5c11cc15?s=96&d=mm&r=g","caption":"Janka Medve\u010fov\u00e1"},"url":"https:\/\/www.keepi.sk\/sk\/author\/jmedvedova\/"}]}},"_links":{"self":[{"href":"https:\/\/www.keepi.sk\/sk\/wp-json\/wp\/v2\/posts\/7190","targetHints":{"allow":["GET"]}}],"collection":[{"href":"https:\/\/www.keepi.sk\/sk\/wp-json\/wp\/v2\/posts"}],"about":[{"href":"https:\/\/www.keepi.sk\/sk\/wp-json\/wp\/v2\/types\/post"}],"author":[{"embeddable":true,"href":"https:\/\/www.keepi.sk\/sk\/wp-json\/wp\/v2\/users\/4"}],"replies":[{"embeddable":true,"href":"https:\/\/www.keepi.sk\/sk\/wp-json\/wp\/v2\/comments?post=7190"}],"version-history":[{"count":6,"href":"https:\/\/www.keepi.sk\/sk\/wp-json\/wp\/v2\/posts\/7190\/revisions"}],"predecessor-version":[{"id":7207,"href":"https:\/\/www.keepi.sk\/sk\/wp-json\/wp\/v2\/posts\/7190\/revisions\/7207"}],"wp:featuredmedia":[{"embeddable":true,"href":"https:\/\/www.keepi.sk\/sk\/wp-json\/wp\/v2\/media\/26790"}],"wp:attachment":[{"href":"https:\/\/www.keepi.sk\/sk\/wp-json\/wp\/v2\/media?parent=7190"}],"wp:term":[{"taxonomy":"category","embeddable":true,"href":"https:\/\/www.keepi.sk\/sk\/wp-json\/wp\/v2\/categories?post=7190"},{"taxonomy":"post_tag","embeddable":true,"href":"https:\/\/www.keepi.sk\/sk\/wp-json\/wp\/v2\/tags?post=7190"}],"curies":[{"name":"wp","href":"https:\/\/api.w.org\/{rel}","templated":true}]}}