{"id":29187,"date":"2015-04-15T14:14:25","date_gmt":"2015-04-15T12:14:25","guid":{"rendered":"https:\/\/www.keepi.sk\/?p=29187"},"modified":"2025-10-16T15:10:43","modified_gmt":"2025-10-16T13:10:43","slug":"nie-nezbavime-sa-ho-preco-by-sme-to-aj-robili","status":"publish","type":"post","link":"https:\/\/www.keepi.sk\/sk\/nie-nezbavime-sa-ho-preco-by-sme-to-aj-robili\/","title":{"rendered":"Nie, nezbav\u00edme sa ho. Pre\u010do by sme to aj robili&#8230;"},"content":{"rendered":"\t\t<div data-elementor-type=\"wp-post\" data-elementor-id=\"29187\" class=\"elementor elementor-29187\" data-elementor-post-type=\"post\">\n\t\t\t\t<div class=\"elementor-element elementor-element-4f912424 e-con-full e-flex e-con e-parent\" data-id=\"4f912424\" data-element_type=\"container\" data-e-type=\"container\" data-settings=\"{&quot;background_background&quot;:&quot;classic&quot;}\">\n\t\t<div class=\"elementor-element elementor-element-623e7b22 e-flex e-con-boxed e-con e-child\" data-id=\"623e7b22\" data-element_type=\"container\" data-e-type=\"container\" data-settings=\"{&quot;background_background&quot;:&quot;classic&quot;}\">\n\t\t\t\t\t<div class=\"e-con-inner\">\n\t\t<div class=\"elementor-element elementor-element-2c94808a e-con-full e-flex e-con e-child\" data-id=\"2c94808a\" data-element_type=\"container\" data-e-type=\"container\">\n\t\t\t\t<div class=\"elementor-element elementor-element-56941eb3 elementor-widget elementor-widget-heading\" data-id=\"56941eb3\" data-element_type=\"widget\" data-e-type=\"widget\" data-widget_type=\"heading.default\">\n\t\t\t\t<div class=\"elementor-widget-container\">\n\t\t\t\t\t<h1 class=\"elementor-heading-title elementor-size-default\">Nie, nezbav\u00edme sa ho. Pre\u010do by sme to aj robili&#8230;<\/h1>\t\t\t\t<\/div>\n\t\t\t\t<\/div>\n\t\t\t\t<\/div>\n\t\t\t\t\t<\/div>\n\t\t\t\t<\/div>\n\t\t\t\t<\/div>\n\t\t<div class=\"elementor-element elementor-element-25d33f1d e-flex e-con-boxed e-con e-parent\" data-id=\"25d33f1d\" data-element_type=\"container\" data-e-type=\"container\">\n\t\t\t\t\t<div class=\"e-con-inner\">\n\t\t<div class=\"elementor-element elementor-element-5315e053 e-con-full e-flex e-con e-child\" data-id=\"5315e053\" data-element_type=\"container\" data-e-type=\"container\">\n\t\t\t\t<div class=\"elementor-element elementor-element-2cafb6d elementor-widget elementor-widget-post-info\" data-id=\"2cafb6d\" data-element_type=\"widget\" data-e-type=\"widget\" data-widget_type=\"post-info.default\">\n\t\t\t\t<div class=\"elementor-widget-container\">\n\t\t\t\t\t\t\t<ul class=\"elementor-inline-items elementor-icon-list-items elementor-post-info\">\n\t\t\t\t\t\t\t\t<li class=\"elementor-icon-list-item elementor-repeater-item-f0282cb elementor-inline-item\" itemprop=\"datePublished\">\n\t\t\t\t\t\t\t\t\t\t\t\t\t<span class=\"elementor-icon-list-text elementor-post-info__item elementor-post-info__item--type-date\">\n\t\t\t\t\t\t\t\t\t\t<time>15.04.2015<\/time>\t\t\t\t\t<\/span>\n\t\t\t\t\t\t\t\t<\/li>\n\t\t\t\t<\/ul>\n\t\t\t\t\t\t<\/div>\n\t\t\t\t<\/div>\n\t\t\t\t<div class=\"elementor-element elementor-element-6a6bff8a elementor-widget elementor-widget-spacer\" data-id=\"6a6bff8a\" data-element_type=\"widget\" data-e-type=\"widget\" data-widget_type=\"spacer.default\">\n\t\t\t\t<div class=\"elementor-widget-container\">\n\t\t\t\t\t\t\t<div class=\"elementor-spacer\">\n\t\t\t<div class=\"elementor-spacer-inner\"><\/div>\n\t\t<\/div>\n\t\t\t\t\t\t<\/div>\n\t\t\t\t<\/div>\n\t\t\t\t<div class=\"elementor-element elementor-element-5bf619ee elementor-widget elementor-widget-text-editor\" data-id=\"5bf619ee\" data-element_type=\"widget\" data-e-type=\"widget\" data-widget_type=\"text-editor.default\">\n\t\t\t\t<div class=\"elementor-widget-container\">\n\t\t\t\t\t\t\t\t\t<p>Ke\u010f sa spomenie cloud, mnoh\u00fdm sa zje\u017eia vlasy. Naozaj, tento pojem na n\u00e1s obrazne povedan\u00e9 vylieza z ka\u017edej \u0161katule a niet divu, \u017ee si u\u017e vo\u010di nemu \u010das\u0165 publika mohla vytvori\u0165 aj ur\u010dit\u00fa averziu. Chce\u0161 mail? Cho\u010f do cloudu. D\u00e1tov\u00e9 \u00falo\u017eisko? Predsa v cloude. A \u010do riadenie v\u00fdroby? Nebu\u010f bl\u00e1zon, v cloude u\u017e dnes m\u00f4\u017ee\u0161 riadi\u0165 v\u0161etko.<\/p>\t\t\t\t\t\t\t\t<\/div>\n\t\t\t\t<\/div>\n\t\t\t\t<div class=\"elementor-element elementor-element-63b45eb elementor-widget elementor-widget-spacer\" data-id=\"63b45eb\" data-element_type=\"widget\" data-e-type=\"widget\" data-widget_type=\"spacer.default\">\n\t\t\t\t<div class=\"elementor-widget-container\">\n\t\t\t\t\t\t\t<div class=\"elementor-spacer\">\n\t\t\t<div class=\"elementor-spacer-inner\"><\/div>\n\t\t<\/div>\n\t\t\t\t\t\t<\/div>\n\t\t\t\t<\/div>\n\t\t\t\t<div class=\"elementor-element elementor-element-6ceb147b elementor-widget elementor-widget-image\" data-id=\"6ceb147b\" data-element_type=\"widget\" data-e-type=\"widget\" data-widget_type=\"image.default\">\n\t\t\t\t<div class=\"elementor-widget-container\">\n\t\t\t\t\t\t\t\t\t\t\t\t\t\t\t<img fetchpriority=\"high\" decoding=\"async\" width=\"855\" height=\"570\" src=\"https:\/\/www.keepi.sk\/wp-content\/uploads\/2025\/09\/Blog_Keepi_image6c.jpg\" class=\"attachment-full size-full wp-image-29058\" alt=\"\" srcset=\"https:\/\/www.keepi.sk\/wp-content\/uploads\/2025\/09\/Blog_Keepi_image6c.jpg 855w, https:\/\/www.keepi.sk\/wp-content\/uploads\/2025\/09\/Blog_Keepi_image6c-300x200.jpg 300w, https:\/\/www.keepi.sk\/wp-content\/uploads\/2025\/09\/Blog_Keepi_image6c-768x512.jpg 768w, https:\/\/www.keepi.sk\/wp-content\/uploads\/2025\/09\/Blog_Keepi_image6c-18x12.jpg 18w\" sizes=\"(max-width: 855px) 100vw, 855px\" \/>\t\t\t\t\t\t\t\t\t\t\t\t\t\t\t<\/div>\n\t\t\t\t<\/div>\n\t\t\t\t<div class=\"elementor-element elementor-element-44ee45bb elementor-widget elementor-widget-spacer\" data-id=\"44ee45bb\" data-element_type=\"widget\" data-e-type=\"widget\" data-widget_type=\"spacer.default\">\n\t\t\t\t<div class=\"elementor-widget-container\">\n\t\t\t\t\t\t\t<div class=\"elementor-spacer\">\n\t\t\t<div class=\"elementor-spacer-inner\"><\/div>\n\t\t<\/div>\n\t\t\t\t\t\t<\/div>\n\t\t\t\t<\/div>\n\t\t\t\t<div class=\"elementor-element elementor-element-54894deb elementor-widget elementor-widget-heading\" data-id=\"54894deb\" data-element_type=\"widget\" data-e-type=\"widget\" data-widget_type=\"heading.default\">\n\t\t\t\t<div class=\"elementor-widget-container\">\n\t\t\t\t\t<h5 class=\"elementor-heading-title elementor-size-default\">Cloud je skr\u00e1tka IN.\n<\/h5>\t\t\t\t<\/div>\n\t\t\t\t<\/div>\n\t\t\t\t<div class=\"elementor-element elementor-element-1f2fb079 elementor-widget elementor-widget-text-editor\" data-id=\"1f2fb079\" data-element_type=\"widget\" data-e-type=\"widget\" data-widget_type=\"text-editor.default\">\n\t\t\t\t<div class=\"elementor-widget-container\">\n\t\t\t\t\t\t\t\t\t<p>A pokia\u013e \u010ditate\u013e patr\u00ed medzi t\u00fdch, ktor\u00fdm u\u017e tento pojem lezie na nervy, bude zo m\u0148a sklaman\u00fd. Lebo ja tvrd\u00edm &#8211; NEZBAV\u00cdME SA HO. Cloud computing toti\u017e nie je m\u00f3da, ktor\u00fa na jese\u0148 nahrad\u00ed in\u00e1 kolekcia. Je to trend, nevyhnutnos\u0165, rozumn\u00e1 alternat\u00edva. A to u\u017e aj v oblasti, na ktor\u00fa sme my, modern\u00ed \u013eudia konzumnej spolo\u010dnosti, sn\u00e1\u010f najviac citliv\u00ed. Vo svete pe\u0148az\u00ed.<\/p><p>\u00a0<\/p>\t\t\t\t\t\t\t\t<\/div>\n\t\t\t\t<\/div>\n\t\t\t\t<div class=\"elementor-element elementor-element-5de524c0 elementor-widget elementor-widget-spacer\" data-id=\"5de524c0\" data-element_type=\"widget\" data-e-type=\"widget\" data-widget_type=\"spacer.default\">\n\t\t\t\t<div class=\"elementor-widget-container\">\n\t\t\t\t\t\t\t<div class=\"elementor-spacer\">\n\t\t\t<div class=\"elementor-spacer-inner\"><\/div>\n\t\t<\/div>\n\t\t\t\t\t\t<\/div>\n\t\t\t\t<\/div>\n\t\t\t\t<div class=\"elementor-element elementor-element-33d6fd6f elementor-widget elementor-widget-heading\" data-id=\"33d6fd6f\" data-element_type=\"widget\" data-e-type=\"widget\" data-widget_type=\"heading.default\">\n\t\t\t\t<div class=\"elementor-widget-container\">\n\t\t\t\t\t<h5 class=\"elementor-heading-title elementor-size-default\">N\u00e1vrat do minulosti<\/h5>\t\t\t\t<\/div>\n\t\t\t\t<\/div>\n\t\t\t\t<div class=\"elementor-element elementor-element-186ebf09 elementor-widget elementor-widget-text-editor\" data-id=\"186ebf09\" data-element_type=\"widget\" data-e-type=\"widget\" data-widget_type=\"text-editor.default\">\n\t\t\t\t<div class=\"elementor-widget-container\">\n\t\t\t\t\t\t\t\t\t<p class=\"bodycopy2\">\u00da\u010dtovn\u00edk v\u00a0roku 2004 si utrel spoten\u00e9 \u010delo a\u00a0vyto\u010dil \u010d\u00edslo na IT spr\u00e1vcu siete. Op\u00e4\u0165 to nefunguje a\u00a0term\u00edn pod\u00e1vania DPH priznan\u00ed a\u00a0v\u0161etk\u00fdch v\u00fdkazov pre pois\u0165ovne a\u00a0da\u0148ov\u00fd \u00farad bol za dverami. Ten program stoj\u00ed hrozn\u00e9 peniaze, m\u00e1 pocit, \u017ee servis\u00e1ci chyby vyr\u00e1baj\u00fa naschv\u00e1l a\u00a0potom si \u00fa\u010dtuj\u00fa mastn\u00e9 poplatky za ich odstr\u00e1nenie. Naviac aktualiz\u00e1cia, ktor\u00fa mu boli in\u0161talova\u0165 pred dvoma t\u00fd\u017ed\u0148ami, priniesla to\u013eko zbyto\u010dn\u00fdch noviniek, \u017ee sa cel\u00fd program neuverite\u013ene skomplikoval.\u00a0Posledn\u00e1 vec, na ktor\u00fa m\u00e1 \u010das, je u\u010di\u0165 sa teraz \u010do sa kde vlastne rob\u00ed.<\/p><p class=\"bodycopy2\">Pripom\u00edna v\u00e1m tento pr\u00edbeh nie\u010do? \u00c1no, e\u0161te pred p\u00e1r rokmi sme si ERP-\u010dka nevedeli predstavi\u0165 inde ako na vlastnom \u017eeleze. Nie je to tak d\u00e1vno, \u010do by \u0161\u00e9f firmy nepripustil, aby jeho \u00fa\u010dtovn\u00edk pracoval s\u00a0programom, ktor\u00fd si \u0165ah\u00e1 a\u00a0uklad\u00e1 d\u00e1ta z\u00a0nejak\u00e9ho \u201evirtu\u00e1lneho\u201c priestoru. Mnoh\u00ed s\u00a0t\u00fdm maj\u00fa probl\u00e9m aj dnes, a\u00a0to aj za cenu vysok\u00fdch n\u00e1kladov na vlastn\u00fd on-premise softv\u00e9r, s\u00a0n\u00edm spojen\u00fa hardv\u00e9rov\u00fa infra\u0161trukt\u00faru, intern\u00fd a\u00a0extern\u00fd obslu\u017en\u00fd person\u00e1l.<\/p>\t\t\t\t\t\t\t\t<\/div>\n\t\t\t\t<\/div>\n\t\t\t\t<div class=\"elementor-element elementor-element-bb6eb59 elementor-widget elementor-widget-spacer\" data-id=\"bb6eb59\" data-element_type=\"widget\" data-e-type=\"widget\" data-widget_type=\"spacer.default\">\n\t\t\t\t<div class=\"elementor-widget-container\">\n\t\t\t\t\t\t\t<div class=\"elementor-spacer\">\n\t\t\t<div class=\"elementor-spacer-inner\"><\/div>\n\t\t<\/div>\n\t\t\t\t\t\t<\/div>\n\t\t\t\t<\/div>\n\t\t\t\t<div class=\"elementor-element elementor-element-215a9d69 elementor-widget elementor-widget-heading\" data-id=\"215a9d69\" data-element_type=\"widget\" data-e-type=\"widget\" data-widget_type=\"heading.default\">\n\t\t\t\t<div class=\"elementor-widget-container\">\n\t\t\t\t\t<h5 class=\"elementor-heading-title elementor-size-default\">Zabudnite na kon\u0161pira\u010dn\u00e9 te\u00f3rie.\n\n<\/h5>\t\t\t\t<\/div>\n\t\t\t\t<\/div>\n\t\t\t\t<div class=\"elementor-element elementor-element-216808fd elementor-widget elementor-widget-text-editor\" data-id=\"216808fd\" data-element_type=\"widget\" data-e-type=\"widget\" data-widget_type=\"text-editor.default\">\n\t\t\t\t<div class=\"elementor-widget-container\">\n\t\t\t\t\t\t\t\t\t<p class=\"bodycopy2\">Chcete kvalitn\u00fd ERP softv\u00e9r, ktor\u00fd v\u00e1m u\u0161etr\u00ed po\u010diato\u010dn\u00e9 invest\u00edcie na n\u00e1kup a\u00a0in\u0161tal\u00e1ciu? Bude aktu\u00e1lny a\u00a0dok\u00e1\u017ee r\u00e1s\u0165 spolu s\u00a0va\u0161ou firmou? R\u00fdchlo a\u00a0jednoducho dok\u00e1\u017ee na\u0161tartova\u0165 v\u00e1\u0161 biznis alebo start up? M\u00f4\u017eete ho pou\u017e\u00edva\u0165 bez oh\u013eadu na miesto, kde sa nach\u00e1dzate? Zaru\u010d\u00ed v\u00e1m funk\u010dnos\u0165 24 hod\u00edn denne 7 dn\u00ed v\u00a0t\u00fd\u017edni? Je zabezpe\u010den\u00fd proti \u00fatokom zvonka lep\u0161ie ako va\u0161a firma, lebo si to skr\u00e1tka vzh\u013eadom na silu jeho poskytovate\u013ea m\u00f4\u017ee dovoli\u0165? A\u00a0ak\u00fdko\u013evek probl\u00e9m je rie\u0161ite\u013en\u00fd bez vy\u010dk\u00e1vania na vo\u013en\u00fd term\u00edn servisn\u00e9ho technika? \u00c1no, p\u00e1\u010di sa v\u00e1m to? No tak potom nem\u00f4\u017eete by\u0165 alergick\u00fd na cloud. Lebo toto s\u00fa presne d\u00f4vody, pre ktor\u00fd sa stal fenom\u00e9nom dne\u0161ka. A\u00a0neboj\u00edm sa tvrdi\u0165, \u017ee v\u00a0st\u00e1le dokonalej\u0161ej podobe n\u00edm zostane aj v\u00a0bud\u00facnosti.<\/p>\t\t\t\t\t\t\t\t<\/div>\n\t\t\t\t<\/div>\n\t\t\t\t<div class=\"elementor-element elementor-element-68ce364c elementor-widget elementor-widget-text-editor\" data-id=\"68ce364c\" data-element_type=\"widget\" data-e-type=\"widget\" data-widget_type=\"text-editor.default\">\n\t\t\t\t<div class=\"elementor-widget-container\">\n\t\t\t\t\t\t\t\t\t<p class=\"perex2\">Alergia na cloud je teda jednoducho lie\u010dite\u013en\u00e1 choroba. Bola by \u0161koda jej pod\u013eahn\u00fa\u0165&#8230;<\/p>\t\t\t\t\t\t\t\t<\/div>\n\t\t\t\t<\/div>\n\t\t\t\t<div class=\"elementor-element elementor-element-f929bcd elementor-widget elementor-widget-spacer\" data-id=\"f929bcd\" data-element_type=\"widget\" data-e-type=\"widget\" data-widget_type=\"spacer.default\">\n\t\t\t\t<div class=\"elementor-widget-container\">\n\t\t\t\t\t\t\t<div class=\"elementor-spacer\">\n\t\t\t<div class=\"elementor-spacer-inner\"><\/div>\n\t\t<\/div>\n\t\t\t\t\t\t<\/div>\n\t\t\t\t<\/div>\n\t\t\t\t<div class=\"elementor-element elementor-element-2bd9e683 elementor-widget elementor-widget-heading\" data-id=\"2bd9e683\" data-element_type=\"widget\" data-e-type=\"widget\" data-widget_type=\"heading.default\">\n\t\t\t\t<div class=\"elementor-widget-container\">\n\t\t\t\t\t<h5 class=\"elementor-heading-title elementor-size-default\">Franti\u0161ek Lov\u00ed\u0161ek<\/h5>\t\t\t\t<\/div>\n\t\t\t\t<\/div>\n\t\t\t\t<\/div>\n\t\t\t\t\t<\/div>\n\t\t\t\t<\/div>\n\t\t<div class=\"elementor-element elementor-element-06831ef e-flex e-con-boxed e-con e-parent\" data-id=\"06831ef\" data-element_type=\"container\" data-e-type=\"container\" data-settings=\"{&quot;background_background&quot;:&quot;classic&quot;}\">\n\t\t\t\t\t<div class=\"e-con-inner\">\n\t\t<div class=\"elementor-element elementor-element-ac53c5e e-con-full e-flex e-con e-child\" data-id=\"ac53c5e\" data-element_type=\"container\" data-e-type=\"container\">\n\t\t\t\t<div class=\"elementor-element elementor-element-fb68d2a elementor-widget elementor-widget-menu-anchor\" data-id=\"fb68d2a\" data-element_type=\"widget\" data-e-type=\"widget\" data-widget_type=\"menu-anchor.default\">\n\t\t\t\t<div class=\"elementor-widget-container\">\n\t\t\t\t\t\t\t<div class=\"elementor-menu-anchor\" id=\"vyskusat\"><\/div>\n\t\t\t\t\t\t<\/div>\n\t\t\t\t<\/div>\n\t\t<div class=\"elementor-element elementor-element-37e6b4c e-flex e-con-boxed e-con e-child\" data-id=\"37e6b4c\" data-element_type=\"container\" data-e-type=\"container\">\n\t\t\t\t\t<div class=\"e-con-inner\">\n\t\t<div class=\"elementor-element elementor-element-fdd3486 e-con-full e-flex e-con e-child\" data-id=\"fdd3486\" data-element_type=\"container\" data-e-type=\"container\">\n\t\t<div class=\"elementor-element elementor-element-6d30114 e-con-full e-flex e-con e-child\" data-id=\"6d30114\" data-element_type=\"container\" data-e-type=\"container\">\n\t\t\t\t<div class=\"elementor-element elementor-element-a880c27 elementor-widget elementor-widget-heading\" data-id=\"a880c27\" data-element_type=\"widget\" data-e-type=\"widget\" data-widget_type=\"heading.default\">\n\t\t\t\t<div class=\"elementor-widget-container\">\n\t\t\t\t\t<h2 class=\"elementor-heading-title elementor-size-default\">\u00da\u010dtovn\u00edctvo a faktur\u00e1ciu <br>m\u00e1te st\u00e1le pri sebe<\/h2>\t\t\t\t<\/div>\n\t\t\t\t<\/div>\n\t\t\t\t<div class=\"elementor-element elementor-element-6d6ac15 elementor-widget elementor-widget-text-editor\" data-id=\"6d6ac15\" data-element_type=\"widget\" data-e-type=\"widget\" data-widget_type=\"text-editor.default\">\n\t\t\t\t<div class=\"elementor-widget-container\">\n\t\t\t\t\t\t\t\t\t<p>Vysk\u00fa\u0161ajte si Keepi!<br \/>Bezplatne na 30 dn\u00ed ihne\u010f po registr\u00e1cii.<\/p>\t\t\t\t\t\t\t\t<\/div>\n\t\t\t\t<\/div>\n\t\t\t\t<div class=\"elementor-element elementor-element-0186a98 elementor-widget elementor-widget-button\" data-id=\"0186a98\" data-element_type=\"widget\" data-e-type=\"widget\" animate-button=\"\" data-widget_type=\"button.default\">\n\t\t\t\t<div class=\"elementor-widget-container\">\n\t\t\t\t\t\t\t\t\t<div class=\"elementor-button-wrapper\">\n\t\t\t\t\t<a class=\"elementor-button elementor-button-link elementor-size-sm\" href=\"https:\/\/keepi.eu\/\">\n\t\t\t\t\t\t<span class=\"elementor-button-content-wrapper\">\n\t\t\t\t\t\t<span class=\"elementor-button-icon\">\n\t\t\t\t<i aria-hidden=\"true\" class=\"softipicon- softip-icon-SOFTIP_ico_Arrow_21\"><\/i>\t\t\t<\/span>\n\t\t\t\t\t\t\t\t\t<span class=\"elementor-button-text\">Vysk\u00fa\u0161a\u0165  Keepi<\/span>\n\t\t\t\t\t<\/span>\n\t\t\t\t\t<\/a>\n\t\t\t\t<\/div>\n\t\t\t\t\t\t\t\t<\/div>\n\t\t\t\t<\/div>\n\t\t\t\t<\/div>\n\t\t\t\t<\/div>\n\t\t<div class=\"elementor-element elementor-element-2ae1988 e-con-full e-flex e-con e-child\" data-id=\"2ae1988\" data-element_type=\"container\" data-e-type=\"container\" data-settings=\"{&quot;background_background&quot;:&quot;classic&quot;,&quot;position&quot;:&quot;absolute&quot;,&quot;background_motion_fx_motion_fx_scrolling&quot;:&quot;yes&quot;,&quot;background_motion_fx_motion_fx_mouse&quot;:&quot;yes&quot;,&quot;background_motion_fx_devices&quot;:[&quot;desktop&quot;,&quot;tablet&quot;,&quot;mobile&quot;]}\">\n\t\t\t\t<\/div>\n\t\t\t\t\t<\/div>\n\t\t\t\t<\/div>\n\t\t\t\t<\/div>\n\t\t\t\t\t<\/div>\n\t\t\t\t<\/div>\n\t\t\t\t<\/div>\n\t\t","protected":false},"excerpt":{"rendered":"<p>Ke\u010f sa spomenie cloud, mnoh\u00fdm sa zje\u017eia vlasy. Naozaj, tento pojem na n\u00e1s obrazne povedan\u00e9 vylieza z ka\u017edej \u0161katule a niet divu, \u017ee si u\u017e vo\u010di nemu \u010das\u0165 publika mohla vytvori\u0165 aj ur\u010dit\u00fa averziu. Chce\u0161 mail? Cho\u010f do cloudu. D\u00e1tov\u00e9 \u00falo\u017eisko? Predsa v cloude. A \u010do riadenie v\u00fdroby? Nebu\u010f bl\u00e1zon, v cloude u\u017e dnes m\u00f4\u017ee\u0161 [&hellip;]<\/p>\n","protected":false},"author":3,"featured_media":29058,"comment_status":"closed","ping_status":"closed","sticky":false,"template":"","format":"standard","meta":{"footnotes":""},"categories":[113,108],"tags":[114],"class_list":["post-29187","post","type-post","status-publish","format-standard","has-post-thumbnail","hentry","category-blog","category-keepi","tag-blog"],"yoast_head":"<!-- This site is optimized with the Yoast SEO Premium plugin v26.2 (Yoast SEO v26.2) - https:\/\/yoast.com\/wordpress\/plugins\/seo\/ -->\n<title>Nie, nezbav\u00edme sa ho. Pre\u010do by sme to aj robili... - Keepi online \u00fa\u010dtovn\u00edctvo<\/title>\n<meta name=\"robots\" content=\"index, follow, max-snippet:-1, max-image-preview:large, max-video-preview:-1\" \/>\n<link rel=\"canonical\" href=\"https:\/\/www.keepi.sk\/sk\/nie-nezbavime-sa-ho-preco-by-sme-to-aj-robili\/\" \/>\n<meta property=\"og:locale\" content=\"sk_SK\" \/>\n<meta property=\"og:type\" content=\"article\" \/>\n<meta property=\"og:title\" content=\"Nie, nezbav\u00edme sa ho. Pre\u010do by sme to aj robili...\" \/>\n<meta property=\"og:description\" content=\"Ke\u010f sa spomenie cloud, mnoh\u00fdm sa zje\u017eia vlasy. Naozaj, tento pojem na n\u00e1s obrazne povedan\u00e9 vylieza z ka\u017edej \u0161katule a niet divu, \u017ee si u\u017e vo\u010di nemu \u010das\u0165 publika mohla vytvori\u0165 aj ur\u010dit\u00fa averziu. Chce\u0161 mail? Cho\u010f do cloudu. D\u00e1tov\u00e9 \u00falo\u017eisko? Predsa v cloude. A \u010do riadenie v\u00fdroby? Nebu\u010f bl\u00e1zon, v cloude u\u017e dnes m\u00f4\u017ee\u0161 [&hellip;]\" \/>\n<meta property=\"og:url\" content=\"https:\/\/www.keepi.sk\/sk\/nie-nezbavime-sa-ho-preco-by-sme-to-aj-robili\/\" \/>\n<meta property=\"og:site_name\" content=\"Keepi online \u00fa\u010dtovn\u00edctvo\" \/>\n<meta property=\"article:published_time\" content=\"2015-04-15T12:14:25+00:00\" \/>\n<meta property=\"article:modified_time\" content=\"2025-10-16T13:10:43+00:00\" \/>\n<meta property=\"og:image\" content=\"https:\/\/www.keepi.sk\/wp-content\/uploads\/2025\/09\/Blog_Keepi_image6c.jpg\" \/>\n\t<meta property=\"og:image:width\" content=\"855\" \/>\n\t<meta property=\"og:image:height\" content=\"570\" \/>\n\t<meta property=\"og:image:type\" content=\"image\/jpeg\" \/>\n<meta name=\"author\" content=\"Janko \u0160nyr\" \/>\n<meta name=\"twitter:card\" content=\"summary_large_image\" \/>\n<meta name=\"twitter:label1\" content=\"Autor\" \/>\n\t<meta name=\"twitter:data1\" content=\"Janko \u0160nyr\" \/>\n\t<meta name=\"twitter:label2\" content=\"Predpokladan\u00fd \u010das \u010d\u00edtania\" \/>\n\t<meta name=\"twitter:data2\" content=\"3 min\u00faty\" \/>\n<script type=\"application\/ld+json\" class=\"yoast-schema-graph\">{\"@context\":\"https:\/\/schema.org\",\"@graph\":[{\"@type\":\"Article\",\"@id\":\"https:\/\/www.keepi.sk\/nie-nezbavime-sa-ho-preco-by-sme-to-aj-robili\/#article\",\"isPartOf\":{\"@id\":\"https:\/\/www.keepi.sk\/nie-nezbavime-sa-ho-preco-by-sme-to-aj-robili\/\"},\"author\":{\"name\":\"Janko \u0160nyr\",\"@id\":\"https:\/\/www.keepi.sk\/#\/schema\/person\/2484c5f904a5739301e5a8962cd2a9ec\"},\"headline\":\"Nie, nezbav\u00edme sa ho. Pre\u010do by sme to aj robili&#8230;\",\"datePublished\":\"2015-04-15T12:14:25+00:00\",\"dateModified\":\"2025-10-16T13:10:43+00:00\",\"mainEntityOfPage\":{\"@id\":\"https:\/\/www.keepi.sk\/nie-nezbavime-sa-ho-preco-by-sme-to-aj-robili\/\"},\"wordCount\":593,\"publisher\":{\"@id\":\"https:\/\/www.keepi.sk\/#organization\"},\"image\":{\"@id\":\"https:\/\/www.keepi.sk\/nie-nezbavime-sa-ho-preco-by-sme-to-aj-robili\/#primaryimage\"},\"thumbnailUrl\":\"https:\/\/www.keepi.sk\/wp-content\/uploads\/2025\/09\/Blog_Keepi_image6c.jpg\",\"keywords\":[\"blog\"],\"articleSection\":[\"BLOG\",\"Keepi\"],\"inLanguage\":\"sk-SK\"},{\"@type\":\"WebPage\",\"@id\":\"https:\/\/www.keepi.sk\/nie-nezbavime-sa-ho-preco-by-sme-to-aj-robili\/\",\"url\":\"https:\/\/www.keepi.sk\/nie-nezbavime-sa-ho-preco-by-sme-to-aj-robili\/\",\"name\":\"Nie, nezbav\u00edme sa ho. Pre\u010do by sme to aj robili... - Keepi online \u00fa\u010dtovn\u00edctvo\",\"isPartOf\":{\"@id\":\"https:\/\/www.keepi.sk\/#website\"},\"primaryImageOfPage\":{\"@id\":\"https:\/\/www.keepi.sk\/nie-nezbavime-sa-ho-preco-by-sme-to-aj-robili\/#primaryimage\"},\"image\":{\"@id\":\"https:\/\/www.keepi.sk\/nie-nezbavime-sa-ho-preco-by-sme-to-aj-robili\/#primaryimage\"},\"thumbnailUrl\":\"https:\/\/www.keepi.sk\/wp-content\/uploads\/2025\/09\/Blog_Keepi_image6c.jpg\",\"datePublished\":\"2015-04-15T12:14:25+00:00\",\"dateModified\":\"2025-10-16T13:10:43+00:00\",\"breadcrumb\":{\"@id\":\"https:\/\/www.keepi.sk\/nie-nezbavime-sa-ho-preco-by-sme-to-aj-robili\/#breadcrumb\"},\"inLanguage\":\"sk-SK\",\"potentialAction\":[{\"@type\":\"ReadAction\",\"target\":[\"https:\/\/www.keepi.sk\/nie-nezbavime-sa-ho-preco-by-sme-to-aj-robili\/\"]}]},{\"@type\":\"ImageObject\",\"inLanguage\":\"sk-SK\",\"@id\":\"https:\/\/www.keepi.sk\/nie-nezbavime-sa-ho-preco-by-sme-to-aj-robili\/#primaryimage\",\"url\":\"https:\/\/www.keepi.sk\/wp-content\/uploads\/2025\/09\/Blog_Keepi_image6c.jpg\",\"contentUrl\":\"https:\/\/www.keepi.sk\/wp-content\/uploads\/2025\/09\/Blog_Keepi_image6c.jpg\",\"width\":855,\"height\":570},{\"@type\":\"BreadcrumbList\",\"@id\":\"https:\/\/www.keepi.sk\/nie-nezbavime-sa-ho-preco-by-sme-to-aj-robili\/#breadcrumb\",\"itemListElement\":[{\"@type\":\"ListItem\",\"position\":1,\"name\":\"Domov\",\"item\":\"https:\/\/www.keepi.sk\/\"},{\"@type\":\"ListItem\",\"position\":2,\"name\":\"Nie, nezbav\u00edme sa ho. Pre\u010do by sme to aj robili&#8230;\"}]},{\"@type\":\"WebSite\",\"@id\":\"https:\/\/www.keepi.sk\/#website\",\"url\":\"https:\/\/www.keepi.sk\/\",\"name\":\"Online \u00fa\u010dtovn\u00edctvo a faktur\u00e1cia\",\"description\":\"Keepi - tvoj osobn\u00fd \u00fa\u010dtovn\u00edk \/ Online \u00fa\u010dtovn\u00edctvo a faktur\u00e1cia\",\"publisher\":{\"@id\":\"https:\/\/www.keepi.sk\/#organization\"},\"potentialAction\":[{\"@type\":\"SearchAction\",\"target\":{\"@type\":\"EntryPoint\",\"urlTemplate\":\"https:\/\/www.keepi.sk\/?s={search_term_string}\"},\"query-input\":{\"@type\":\"PropertyValueSpecification\",\"valueRequired\":true,\"valueName\":\"search_term_string\"}}],\"inLanguage\":\"sk-SK\"},{\"@type\":\"Organization\",\"@id\":\"https:\/\/www.keepi.sk\/#organization\",\"name\":\"Keepi\",\"url\":\"https:\/\/www.keepi.sk\/\",\"logo\":{\"@type\":\"ImageObject\",\"inLanguage\":\"sk-SK\",\"@id\":\"https:\/\/www.keepi.sk\/#\/schema\/logo\/image\/\",\"url\":\"https:\/\/www.keepi.sk\/wp-content\/uploads\/2025\/10\/keepi-logo-header-2.png\",\"contentUrl\":\"https:\/\/www.keepi.sk\/wp-content\/uploads\/2025\/10\/keepi-logo-header-2.png\",\"width\":506,\"height\":144,\"caption\":\"Keepi\"},\"image\":{\"@id\":\"https:\/\/www.keepi.sk\/#\/schema\/logo\/image\/\"}},{\"@type\":\"Person\",\"@id\":\"https:\/\/www.keepi.sk\/#\/schema\/person\/2484c5f904a5739301e5a8962cd2a9ec\",\"name\":\"Janko \u0160nyr\",\"image\":{\"@type\":\"ImageObject\",\"inLanguage\":\"sk-SK\",\"@id\":\"https:\/\/www.keepi.sk\/#\/schema\/person\/image\/\",\"url\":\"https:\/\/secure.gravatar.com\/avatar\/b157ddb0ebcd13f42cdbf338e1d9099960c3b61de863c82476afa45739a40bb9?s=96&d=mm&r=g\",\"contentUrl\":\"https:\/\/secure.gravatar.com\/avatar\/b157ddb0ebcd13f42cdbf338e1d9099960c3b61de863c82476afa45739a40bb9?s=96&d=mm&r=g\",\"caption\":\"Janko \u0160nyr\"},\"url\":\"https:\/\/www.keepi.sk\/sk\/author\/jsnyr\/\"}]}<\/script>\n<!-- \/ Yoast SEO Premium plugin. -->","yoast_head_json":{"title":"Nie, nezbav\u00edme sa ho. Pre\u010do by sme to aj robili... - Keepi online \u00fa\u010dtovn\u00edctvo","robots":{"index":"index","follow":"follow","max-snippet":"max-snippet:-1","max-image-preview":"max-image-preview:large","max-video-preview":"max-video-preview:-1"},"canonical":"https:\/\/www.keepi.sk\/sk\/nie-nezbavime-sa-ho-preco-by-sme-to-aj-robili\/","og_locale":"sk_SK","og_type":"article","og_title":"Nie, nezbav\u00edme sa ho. Pre\u010do by sme to aj robili...","og_description":"Ke\u010f sa spomenie cloud, mnoh\u00fdm sa zje\u017eia vlasy. Naozaj, tento pojem na n\u00e1s obrazne povedan\u00e9 vylieza z ka\u017edej \u0161katule a niet divu, \u017ee si u\u017e vo\u010di nemu \u010das\u0165 publika mohla vytvori\u0165 aj ur\u010dit\u00fa averziu. Chce\u0161 mail? Cho\u010f do cloudu. D\u00e1tov\u00e9 \u00falo\u017eisko? Predsa v cloude. A \u010do riadenie v\u00fdroby? Nebu\u010f bl\u00e1zon, v cloude u\u017e dnes m\u00f4\u017ee\u0161 [&hellip;]","og_url":"https:\/\/www.keepi.sk\/sk\/nie-nezbavime-sa-ho-preco-by-sme-to-aj-robili\/","og_site_name":"Keepi online \u00fa\u010dtovn\u00edctvo","article_published_time":"2015-04-15T12:14:25+00:00","article_modified_time":"2025-10-16T13:10:43+00:00","og_image":[{"width":855,"height":570,"url":"https:\/\/www.keepi.sk\/wp-content\/uploads\/2025\/09\/Blog_Keepi_image6c.jpg","type":"image\/jpeg"}],"author":"Janko \u0160nyr","twitter_card":"summary_large_image","twitter_misc":{"Autor":"Janko \u0160nyr","Predpokladan\u00fd \u010das \u010d\u00edtania":"3 min\u00faty"},"schema":{"@context":"https:\/\/schema.org","@graph":[{"@type":"Article","@id":"https:\/\/www.keepi.sk\/nie-nezbavime-sa-ho-preco-by-sme-to-aj-robili\/#article","isPartOf":{"@id":"https:\/\/www.keepi.sk\/nie-nezbavime-sa-ho-preco-by-sme-to-aj-robili\/"},"author":{"name":"Janko \u0160nyr","@id":"https:\/\/www.keepi.sk\/#\/schema\/person\/2484c5f904a5739301e5a8962cd2a9ec"},"headline":"Nie, nezbav\u00edme sa ho. Pre\u010do by sme to aj robili&#8230;","datePublished":"2015-04-15T12:14:25+00:00","dateModified":"2025-10-16T13:10:43+00:00","mainEntityOfPage":{"@id":"https:\/\/www.keepi.sk\/nie-nezbavime-sa-ho-preco-by-sme-to-aj-robili\/"},"wordCount":593,"publisher":{"@id":"https:\/\/www.keepi.sk\/#organization"},"image":{"@id":"https:\/\/www.keepi.sk\/nie-nezbavime-sa-ho-preco-by-sme-to-aj-robili\/#primaryimage"},"thumbnailUrl":"https:\/\/www.keepi.sk\/wp-content\/uploads\/2025\/09\/Blog_Keepi_image6c.jpg","keywords":["blog"],"articleSection":["BLOG","Keepi"],"inLanguage":"sk-SK"},{"@type":"WebPage","@id":"https:\/\/www.keepi.sk\/nie-nezbavime-sa-ho-preco-by-sme-to-aj-robili\/","url":"https:\/\/www.keepi.sk\/nie-nezbavime-sa-ho-preco-by-sme-to-aj-robili\/","name":"Nie, nezbav\u00edme sa ho. Pre\u010do by sme to aj robili... - Keepi online \u00fa\u010dtovn\u00edctvo","isPartOf":{"@id":"https:\/\/www.keepi.sk\/#website"},"primaryImageOfPage":{"@id":"https:\/\/www.keepi.sk\/nie-nezbavime-sa-ho-preco-by-sme-to-aj-robili\/#primaryimage"},"image":{"@id":"https:\/\/www.keepi.sk\/nie-nezbavime-sa-ho-preco-by-sme-to-aj-robili\/#primaryimage"},"thumbnailUrl":"https:\/\/www.keepi.sk\/wp-content\/uploads\/2025\/09\/Blog_Keepi_image6c.jpg","datePublished":"2015-04-15T12:14:25+00:00","dateModified":"2025-10-16T13:10:43+00:00","breadcrumb":{"@id":"https:\/\/www.keepi.sk\/nie-nezbavime-sa-ho-preco-by-sme-to-aj-robili\/#breadcrumb"},"inLanguage":"sk-SK","potentialAction":[{"@type":"ReadAction","target":["https:\/\/www.keepi.sk\/nie-nezbavime-sa-ho-preco-by-sme-to-aj-robili\/"]}]},{"@type":"ImageObject","inLanguage":"sk-SK","@id":"https:\/\/www.keepi.sk\/nie-nezbavime-sa-ho-preco-by-sme-to-aj-robili\/#primaryimage","url":"https:\/\/www.keepi.sk\/wp-content\/uploads\/2025\/09\/Blog_Keepi_image6c.jpg","contentUrl":"https:\/\/www.keepi.sk\/wp-content\/uploads\/2025\/09\/Blog_Keepi_image6c.jpg","width":855,"height":570},{"@type":"BreadcrumbList","@id":"https:\/\/www.keepi.sk\/nie-nezbavime-sa-ho-preco-by-sme-to-aj-robili\/#breadcrumb","itemListElement":[{"@type":"ListItem","position":1,"name":"Domov","item":"https:\/\/www.keepi.sk\/"},{"@type":"ListItem","position":2,"name":"Nie, nezbav\u00edme sa ho. Pre\u010do by sme to aj robili&#8230;"}]},{"@type":"WebSite","@id":"https:\/\/www.keepi.sk\/#website","url":"https:\/\/www.keepi.sk\/","name":"Online \u00fa\u010dtovn\u00edctvo a faktur\u00e1cia","description":"Keepi - tvoj osobn\u00fd \u00fa\u010dtovn\u00edk \/ Online \u00fa\u010dtovn\u00edctvo a faktur\u00e1cia","publisher":{"@id":"https:\/\/www.keepi.sk\/#organization"},"potentialAction":[{"@type":"SearchAction","target":{"@type":"EntryPoint","urlTemplate":"https:\/\/www.keepi.sk\/?s={search_term_string}"},"query-input":{"@type":"PropertyValueSpecification","valueRequired":true,"valueName":"search_term_string"}}],"inLanguage":"sk-SK"},{"@type":"Organization","@id":"https:\/\/www.keepi.sk\/#organization","name":"Keepi","url":"https:\/\/www.keepi.sk\/","logo":{"@type":"ImageObject","inLanguage":"sk-SK","@id":"https:\/\/www.keepi.sk\/#\/schema\/logo\/image\/","url":"https:\/\/www.keepi.sk\/wp-content\/uploads\/2025\/10\/keepi-logo-header-2.png","contentUrl":"https:\/\/www.keepi.sk\/wp-content\/uploads\/2025\/10\/keepi-logo-header-2.png","width":506,"height":144,"caption":"Keepi"},"image":{"@id":"https:\/\/www.keepi.sk\/#\/schema\/logo\/image\/"}},{"@type":"Person","@id":"https:\/\/www.keepi.sk\/#\/schema\/person\/2484c5f904a5739301e5a8962cd2a9ec","name":"Janko \u0160nyr","image":{"@type":"ImageObject","inLanguage":"sk-SK","@id":"https:\/\/www.keepi.sk\/#\/schema\/person\/image\/","url":"https:\/\/secure.gravatar.com\/avatar\/b157ddb0ebcd13f42cdbf338e1d9099960c3b61de863c82476afa45739a40bb9?s=96&d=mm&r=g","contentUrl":"https:\/\/secure.gravatar.com\/avatar\/b157ddb0ebcd13f42cdbf338e1d9099960c3b61de863c82476afa45739a40bb9?s=96&d=mm&r=g","caption":"Janko \u0160nyr"},"url":"https:\/\/www.keepi.sk\/sk\/author\/jsnyr\/"}]}},"_links":{"self":[{"href":"https:\/\/www.keepi.sk\/sk\/wp-json\/wp\/v2\/posts\/29187","targetHints":{"allow":["GET"]}}],"collection":[{"href":"https:\/\/www.keepi.sk\/sk\/wp-json\/wp\/v2\/posts"}],"about":[{"href":"https:\/\/www.keepi.sk\/sk\/wp-json\/wp\/v2\/types\/post"}],"author":[{"embeddable":true,"href":"https:\/\/www.keepi.sk\/sk\/wp-json\/wp\/v2\/users\/3"}],"replies":[{"embeddable":true,"href":"https:\/\/www.keepi.sk\/sk\/wp-json\/wp\/v2\/comments?post=29187"}],"version-history":[{"count":7,"href":"https:\/\/www.keepi.sk\/sk\/wp-json\/wp\/v2\/posts\/29187\/revisions"}],"predecessor-version":[{"id":31444,"href":"https:\/\/www.keepi.sk\/sk\/wp-json\/wp\/v2\/posts\/29187\/revisions\/31444"}],"wp:featuredmedia":[{"embeddable":true,"href":"https:\/\/www.keepi.sk\/sk\/wp-json\/wp\/v2\/media\/29058"}],"wp:attachment":[{"href":"https:\/\/www.keepi.sk\/sk\/wp-json\/wp\/v2\/media?parent=29187"}],"wp:term":[{"taxonomy":"category","embeddable":true,"href":"https:\/\/www.keepi.sk\/sk\/wp-json\/wp\/v2\/categories?post=29187"},{"taxonomy":"post_tag","embeddable":true,"href":"https:\/\/www.keepi.sk\/sk\/wp-json\/wp\/v2\/tags?post=29187"}],"curies":[{"name":"wp","href":"https:\/\/api.w.org\/{rel}","templated":true}]}}