{"id":2533,"date":"2021-06-07T09:39:33","date_gmt":"2021-06-07T07:39:33","guid":{"rendered":"https:\/\/www.keepi.sk\/?p=2533"},"modified":"2025-07-24T23:00:55","modified_gmt":"2025-07-24T21:00:55","slug":"30-rokov-na-vrchole-podnikovych-is-na-slovensku","status":"publish","type":"post","link":"https:\/\/www.keepi.sk\/en\/30-rokov-na-vrchole-podnikovych-is-na-slovensku\/","title":{"rendered":"30 rokov na vrchole podnikov\u00fdch IS na Slovensku"},"content":{"rendered":"<div data-elementor-type=\"wp-post\" data-elementor-id=\"2533\" class=\"elementor elementor-2533\" data-elementor-post-type=\"post\">\n\t\t\t\t<div class=\"elementor-element elementor-element-2f85640a e-con-full e-flex e-con e-parent\" data-id=\"2f85640a\" data-element_type=\"container\" data-e-type=\"container\" data-settings=\"{&quot;background_background&quot;:&quot;classic&quot;}\">\n\t\t<div class=\"elementor-element elementor-element-5e3f7413 e-flex e-con-boxed e-con e-child\" data-id=\"5e3f7413\" data-element_type=\"container\" data-e-type=\"container\">\n\t\t\t\t\t<div class=\"e-con-inner\">\n\t\t<div class=\"elementor-element elementor-element-1c1e78e5 e-con-full e-flex e-con e-child\" data-id=\"1c1e78e5\" data-element_type=\"container\" data-e-type=\"container\">\n\t\t\t\t<div class=\"elementor-element elementor-element-433cde7d elementor-widget elementor-widget-heading\" data-id=\"433cde7d\" data-element_type=\"widget\" data-e-type=\"widget\" data-widget_type=\"heading.default\">\n\t\t\t\t<div class=\"elementor-widget-container\">\n\t\t\t\t\t<h1 class=\"elementor-heading-title elementor-size-default\">30 rokov na vrchole podnikov\u00fdch IS na Slovensku<\/h1>\t\t\t\t<\/div>\n\t\t\t\t<\/div>\n\t\t\t\t<\/div>\n\t\t\t\t\t<\/div>\n\t\t\t\t<\/div>\n\t\t\t\t<\/div>\n\t\t<div class=\"elementor-element elementor-element-aaf24aa e-flex e-con-boxed e-con e-parent\" data-id=\"aaf24aa\" data-element_type=\"container\" data-e-type=\"container\">\n\t\t\t\t\t<div class=\"e-con-inner\">\n\t\t<div class=\"elementor-element elementor-element-799550c2 e-con-full e-flex e-con e-child\" data-id=\"799550c2\" data-element_type=\"container\" data-e-type=\"container\">\n\t\t\t\t<div class=\"elementor-element elementor-element-4f183888 elementor-widget elementor-widget-post-info\" data-id=\"4f183888\" data-element_type=\"widget\" data-e-type=\"widget\" data-widget_type=\"post-info.default\">\n\t\t\t\t<div class=\"elementor-widget-container\">\n\t\t\t\t\t\t\t<ul class=\"elementor-inline-items elementor-icon-list-items elementor-post-info\">\n\t\t\t\t\t\t\t\t<li class=\"elementor-icon-list-item elementor-repeater-item-f0282cb elementor-inline-item\" itemprop=\"datePublished\">\n\t\t\t\t\t\t\t\t\t\t\t\t\t<span class=\"elementor-icon-list-text elementor-post-info__item elementor-post-info__item--type-date\">\n\t\t\t\t\t\t\t\t\t\t<time>07.06.2021<\/time>\t\t\t\t\t<\/span>\n\t\t\t\t\t\t\t\t<\/li>\n\t\t\t\t<\/ul>\n\t\t\t\t\t\t<\/div>\n\t\t\t\t<\/div>\n\t\t\t\t<div class=\"elementor-element elementor-element-19ce904a elementor-widget elementor-widget-theme-post-excerpt\" data-id=\"19ce904a\" data-element_type=\"widget\" data-e-type=\"widget\" data-widget_type=\"theme-post-excerpt.default\">\n\t\t\t\t<div class=\"elementor-widget-container\">\n\t\t\t\t\tSOFTIP potvrdil poz\u00edciu najv\u00e4\u010d\u0161ieho slovensk\u00e9ho v\u00fdrobcu podnikov\u00fdch informa\u010dn\u00fdch syst\u00e9mov. Vypl\u00fdva to z najnov\u0161ieho prieskumu ERP na Slovensku, ktor\u00fd uskuto\u010dnila redakcia technologick\u00e9ho magaz\u00ednu NEXTECH. V r\u00e1mci prieskumu boli osloven\u00e9 obchodn\u00e9 zast\u00fapenia zahrani\u010dn\u00fdch firiem p\u00f4sobiacich na Slovensku, predajcovia a implement\u00e1tori ich produktov a lok\u00e1lni producenti ekonomick\u00fdch informa\u010dn\u00fdch syst\u00e9mov.\t\t\t\t<\/div>\n\t\t\t\t<\/div>\n\t\t\t\t<div class=\"elementor-element elementor-element-11b94cfc elementor-widget elementor-widget-spacer\" data-id=\"11b94cfc\" data-element_type=\"widget\" data-e-type=\"widget\" data-widget_type=\"spacer.default\">\n\t\t\t\t<div class=\"elementor-widget-container\">\n\t\t\t\t\t\t\t<div class=\"elementor-spacer\">\n\t\t\t<div class=\"elementor-spacer-inner\"><\/div>\n\t\t<\/div>\n\t\t\t\t\t\t<\/div>\n\t\t\t\t<\/div>\n\t\t\t\t<div class=\"elementor-element elementor-element-c0f4aa6 elementor-widget elementor-widget-text-editor\" data-id=\"c0f4aa6\" data-element_type=\"widget\" data-e-type=\"widget\" data-widget_type=\"text-editor.default\">\n\t\t\t\t<div class=\"elementor-widget-container\">\n\t\t\t\t\t\t\t\t\t<p>Do prieskumu sa zapojilo 18 slovensk\u00fdch v\u00fdrobcov a dod\u00e1vate\u013eov lok\u00e1lnych podnikov\u00fdch informa\u010dn\u00fdch syst\u00e9mov, ako aj slovensk\u00fdch zast\u00fapen\u00ed zahrani\u010dn\u00fdch dod\u00e1vate\u013eov ve\u013ek\u00fdch rie\u0161en\u00ed ERP. Pod\u013ea ich \u00fadajov boli celkov\u00e9 tr\u017eby z predaja slu\u017eieb k rie\u0161eniam ERP v roku 2020 na \u00farovni 41 687 965 EUR (\u00fadaje poskytlo 13 firiem). Tr\u017eby z predaja licenci\u00ed rie\u0161en\u00ed ERP dosiahli 10 028 348 EUR (\u00fadaje poskytlo 15 firiem). Nadn\u00e1rodn\u00ed dod\u00e1vatelia podnikov\u00fdch informa\u010dn\u00fdch syst\u00e9mov ako SAP Slovensko, Microsoft Slovakia a Oracle Slovensko ani tento rok nemohli poskytn\u00fa\u0165 svoje lok\u00e1lne \u00fadaje.<\/p><p>\u00a0<\/p><p>SOFTIP opakovane obh\u00e1jil poz\u00edciu slovenskej jednotky na trhu podnikov\u00fdch informa\u010dn\u00fdch syst\u00e9mov, ke\u010f z predaja licenci\u00ed a slu\u017eieb k rie\u0161eniam ERP za rok 2020 dosiahol tr\u017eby vo v\u00fd\u0161ke 12 108 362 EUR. Najv\u00e4\u010d\u0161\u00ed podiel na celkov\u00fdch tr\u017eb\u00e1ch pritom tvorili tr\u017eby z predaja slu\u017eieb k rie\u0161eniam ERP vo v\u00fd\u0161ke 11 508 739 \u20ac.<\/p><p>\u00a0<\/p><p>\u00a0<\/p><p>\u00a0<\/p><p><strong>Preh\u013ead tr\u017eieb z predaja licenci\u00ed a slu\u017eieb k rie\u0161eniam ERP za rok 2020<\/strong><\/p>\t\t\t\t\t\t\t\t<\/div>\n\t\t\t\t<\/div>\n\t\t\t\t<div class=\"elementor-element elementor-element-62e8c0ff elementor-widget elementor-widget-image\" data-id=\"62e8c0ff\" data-element_type=\"widget\" data-e-type=\"widget\" data-widget_type=\"image.default\">\n\t\t\t\t<div class=\"elementor-widget-container\">\n\t\t\t\t\t\t\t\t\t\t\t\t\t\t\t<img wpfc-lazyload-disable=\"true\" fetchpriority=\"high\" decoding=\"async\" width=\"643\" height=\"540\" src=\"https:\/\/www.keepi.sk\/wp-content\/uploads\/2024\/08\/Screenshot-2024-08-12-093749.png\" class=\"attachment-full size-full wp-image-2536\" alt=\"\" srcset=\"https:\/\/www.keepi.sk\/wp-content\/uploads\/2024\/08\/Screenshot-2024-08-12-093749.png 643w, https:\/\/www.keepi.sk\/wp-content\/uploads\/2024\/08\/Screenshot-2024-08-12-093749-300x252.png 300w\" sizes=\"(max-width: 643px) 100vw, 643px\" \/>\t\t\t\t\t\t\t\t\t\t\t\t\t\t\t<\/div>\n\t\t\t\t<\/div>\n\t\t\t\t<div class=\"elementor-element elementor-element-5ab531cb elementor-widget elementor-widget-text-editor\" data-id=\"5ab531cb\" data-element_type=\"widget\" data-e-type=\"widget\" data-widget_type=\"text-editor.default\">\n\t\t\t\t<div class=\"elementor-widget-container\">\n\t\t\t\t\t\t\t\t\tPrieskum ERP na Slovensku v roku 2020 bol uverejnen\u00fd v magaz\u00edne NEXTECH 6\/2021.\n\n\t\t\t\t\t\t\t\t<\/div>\n\t\t\t\t<\/div>\n\t\t\t\t<div class=\"elementor-element elementor-element-24e14757 elementor-widget elementor-widget-spacer\" data-id=\"24e14757\" data-element_type=\"widget\" data-e-type=\"widget\" data-widget_type=\"spacer.default\">\n\t\t\t\t<div class=\"elementor-widget-container\">\n\t\t\t\t\t\t\t<div class=\"elementor-spacer\">\n\t\t\t<div class=\"elementor-spacer-inner\"><\/div>\n\t\t<\/div>\n\t\t\t\t\t\t<\/div>\n\t\t\t\t<\/div>\n\t\t\t\t<div class=\"elementor-element elementor-element-77ef6568 elementor-widget elementor-widget-image\" data-id=\"77ef6568\" data-element_type=\"widget\" data-e-type=\"widget\" data-widget_type=\"image.default\">\n\t\t\t\t<div class=\"elementor-widget-container\">\n\t\t\t\t\t\t\t\t\t\t\t\t\t\t\t<img wpfc-lazyload-disable=\"true\" decoding=\"async\" width=\"1170\" height=\"612\" src=\"https:\/\/www.keepi.sk\/wp-content\/uploads\/2024\/08\/prieskum-erp-na-slovensku-2020-1200x628-1.jpg\" class=\"attachment-1536x1536 size-1536x1536 wp-image-2535\" alt=\"\" srcset=\"https:\/\/www.keepi.sk\/wp-content\/uploads\/2024\/08\/prieskum-erp-na-slovensku-2020-1200x628-1.jpg 1170w, https:\/\/www.keepi.sk\/wp-content\/uploads\/2024\/08\/prieskum-erp-na-slovensku-2020-1200x628-1-300x157.jpg 300w, https:\/\/www.keepi.sk\/wp-content\/uploads\/2024\/08\/prieskum-erp-na-slovensku-2020-1200x628-1-1024x536.jpg 1024w, https:\/\/www.keepi.sk\/wp-content\/uploads\/2024\/08\/prieskum-erp-na-slovensku-2020-1200x628-1-768x402.jpg 768w\" sizes=\"(max-width: 1170px) 100vw, 1170px\" \/>\t\t\t\t\t\t\t\t\t\t\t\t\t\t\t<\/div>\n\t\t\t\t<\/div>\n\t\t\t\t<div class=\"elementor-element elementor-element-256fab16 elementor-widget elementor-widget-text-editor\" data-id=\"256fab16\" data-element_type=\"widget\" data-e-type=\"widget\" data-widget_type=\"text-editor.default\">\n\t\t\t\t<div class=\"elementor-widget-container\">\n\t\t\t\t\t\t\t\t\t<p>Zdroj foto: NEXTECH, Freepik<\/p>\t\t\t\t\t\t\t\t<\/div>\n\t\t\t\t<\/div>\n\t\t\t\t<\/div>\n\t\t\t\t\t<\/div>\n\t\t\t\t<\/div>\n\t\t\t\t<\/div>","protected":false},"excerpt":{"rendered":"<p>SOFTIP potvrdil poz\u00edciu najv\u00e4\u010d\u0161ieho slovensk\u00e9ho v\u00fdrobcu podnikov\u00fdch informa\u010dn\u00fdch syst\u00e9mov. Vypl\u00fdva to z najnov\u0161ieho prieskumu ERP na Slovensku, ktor\u00fd uskuto\u010dnila redakcia technologick\u00e9ho magaz\u00ednu NEXTECH. V r\u00e1mci prieskumu boli osloven\u00e9 obchodn\u00e9 zast\u00fapenia zahrani\u010dn\u00fdch firiem p\u00f4sobiacich na Slovensku, predajcovia a implement\u00e1tori ich produktov a lok\u00e1lni producenti ekonomick\u00fdch informa\u010dn\u00fdch syst\u00e9mov.<\/p>","protected":false},"author":6,"featured_media":2534,"comment_status":"closed","ping_status":"closed","sticky":false,"template":"","format":"standard","meta":{"footnotes":""},"categories":[1],"tags":[24],"class_list":["post-2533","post","type-post","status-publish","format-standard","has-post-thumbnail","hentry","category-nezaradene","tag-aktuality"],"yoast_head":"<!-- This site is optimized with the Yoast SEO Premium plugin v26.2 (Yoast SEO v26.2) - https:\/\/yoast.com\/wordpress\/plugins\/seo\/ -->\n<title>30 rokov na vrchole podnikov\u00fdch IS na Slovensku - Keepi online \u00fa\u010dtovn\u00edctvo<\/title>\n<meta name=\"robots\" content=\"index, follow, max-snippet:-1, max-image-preview:large, max-video-preview:-1\" \/>\n<link rel=\"canonical\" href=\"https:\/\/www.keepi.sk\/en\/30-rokov-na-vrchole-podnikovych-is-na-slovensku\/\" \/>\n<meta property=\"og:locale\" content=\"en_US\" \/>\n<meta property=\"og:type\" content=\"article\" \/>\n<meta property=\"og:title\" content=\"30 rokov na vrchole podnikov\u00fdch IS na Slovensku\" \/>\n<meta property=\"og:description\" content=\"SOFTIP potvrdil poz\u00edciu najv\u00e4\u010d\u0161ieho slovensk\u00e9ho v\u00fdrobcu podnikov\u00fdch informa\u010dn\u00fdch syst\u00e9mov. Vypl\u00fdva to z najnov\u0161ieho prieskumu ERP na Slovensku, ktor\u00fd uskuto\u010dnila redakcia technologick\u00e9ho magaz\u00ednu NEXTECH. V r\u00e1mci prieskumu boli osloven\u00e9 obchodn\u00e9 zast\u00fapenia zahrani\u010dn\u00fdch firiem p\u00f4sobiacich na Slovensku, predajcovia a implement\u00e1tori ich produktov a lok\u00e1lni producenti ekonomick\u00fdch informa\u010dn\u00fdch syst\u00e9mov.\" \/>\n<meta property=\"og:url\" content=\"https:\/\/www.keepi.sk\/en\/30-rokov-na-vrchole-podnikovych-is-na-slovensku\/\" \/>\n<meta property=\"og:site_name\" content=\"Keepi online \u00fa\u010dtovn\u00edctvo\" \/>\n<meta property=\"article:published_time\" content=\"2021-06-07T07:39:33+00:00\" \/>\n<meta property=\"article:modified_time\" content=\"2025-07-24T21:00:55+00:00\" \/>\n<meta property=\"og:image\" content=\"https:\/\/www.keepi.sk\/wp-content\/uploads\/2024\/08\/30-rokov-na-vrchole-erp-na-slovensku-1200x628-1.jpg\" \/>\n\t<meta property=\"og:image:width\" content=\"1170\" \/>\n\t<meta property=\"og:image:height\" content=\"612\" \/>\n\t<meta property=\"og:image:type\" content=\"image\/jpeg\" \/>\n<meta name=\"author\" content=\"Barborka Hajd\u00e1kov\u00e1\" \/>\n<meta name=\"twitter:card\" content=\"summary_large_image\" \/>\n<meta name=\"twitter:label1\" content=\"Written by\" \/>\n\t<meta name=\"twitter:data1\" content=\"Barborka Hajd\u00e1kov\u00e1\" \/>\n\t<meta name=\"twitter:label2\" content=\"Est. reading time\" \/>\n\t<meta name=\"twitter:data2\" content=\"1 minute\" \/>\n<script type=\"application\/ld+json\" class=\"yoast-schema-graph\">{\"@context\":\"https:\/\/schema.org\",\"@graph\":[{\"@type\":\"Article\",\"@id\":\"https:\/\/www.keepi.sk\/30-rokov-na-vrchole-podnikovych-is-na-slovensku\/#article\",\"isPartOf\":{\"@id\":\"https:\/\/www.keepi.sk\/30-rokov-na-vrchole-podnikovych-is-na-slovensku\/\"},\"author\":{\"name\":\"Barborka Hajd\u00e1kov\u00e1\",\"@id\":\"https:\/\/www.keepi.sk\/#\/schema\/person\/e0dc721875c8bd4d2f84b76df887f355\"},\"headline\":\"30 rokov na vrchole podnikov\u00fdch IS na Slovensku\",\"datePublished\":\"2021-06-07T07:39:33+00:00\",\"dateModified\":\"2025-07-24T21:00:55+00:00\",\"mainEntityOfPage\":{\"@id\":\"https:\/\/www.keepi.sk\/30-rokov-na-vrchole-podnikovych-is-na-slovensku\/\"},\"wordCount\":204,\"publisher\":{\"@id\":\"https:\/\/www.keepi.sk\/#organization\"},\"image\":{\"@id\":\"https:\/\/www.keepi.sk\/30-rokov-na-vrchole-podnikovych-is-na-slovensku\/#primaryimage\"},\"thumbnailUrl\":\"https:\/\/www.keepi.sk\/wp-content\/uploads\/2024\/08\/30-rokov-na-vrchole-erp-na-slovensku-1200x628-1.jpg\",\"keywords\":[\"Aktuality\"],\"articleSection\":[\"Nezaraden\u00e9\"],\"inLanguage\":\"en-US\"},{\"@type\":\"WebPage\",\"@id\":\"https:\/\/www.keepi.sk\/30-rokov-na-vrchole-podnikovych-is-na-slovensku\/\",\"url\":\"https:\/\/www.keepi.sk\/30-rokov-na-vrchole-podnikovych-is-na-slovensku\/\",\"name\":\"30 rokov na vrchole podnikov\u00fdch IS na Slovensku - Keepi online \u00fa\u010dtovn\u00edctvo\",\"isPartOf\":{\"@id\":\"https:\/\/www.keepi.sk\/#website\"},\"primaryImageOfPage\":{\"@id\":\"https:\/\/www.keepi.sk\/30-rokov-na-vrchole-podnikovych-is-na-slovensku\/#primaryimage\"},\"image\":{\"@id\":\"https:\/\/www.keepi.sk\/30-rokov-na-vrchole-podnikovych-is-na-slovensku\/#primaryimage\"},\"thumbnailUrl\":\"https:\/\/www.keepi.sk\/wp-content\/uploads\/2024\/08\/30-rokov-na-vrchole-erp-na-slovensku-1200x628-1.jpg\",\"datePublished\":\"2021-06-07T07:39:33+00:00\",\"dateModified\":\"2025-07-24T21:00:55+00:00\",\"breadcrumb\":{\"@id\":\"https:\/\/www.keepi.sk\/30-rokov-na-vrchole-podnikovych-is-na-slovensku\/#breadcrumb\"},\"inLanguage\":\"en-US\",\"potentialAction\":[{\"@type\":\"ReadAction\",\"target\":[\"https:\/\/www.keepi.sk\/30-rokov-na-vrchole-podnikovych-is-na-slovensku\/\"]}]},{\"@type\":\"ImageObject\",\"inLanguage\":\"en-US\",\"@id\":\"https:\/\/www.keepi.sk\/30-rokov-na-vrchole-podnikovych-is-na-slovensku\/#primaryimage\",\"url\":\"https:\/\/www.keepi.sk\/wp-content\/uploads\/2024\/08\/30-rokov-na-vrchole-erp-na-slovensku-1200x628-1.jpg\",\"contentUrl\":\"https:\/\/www.keepi.sk\/wp-content\/uploads\/2024\/08\/30-rokov-na-vrchole-erp-na-slovensku-1200x628-1.jpg\",\"width\":1170,\"height\":612},{\"@type\":\"BreadcrumbList\",\"@id\":\"https:\/\/www.keepi.sk\/30-rokov-na-vrchole-podnikovych-is-na-slovensku\/#breadcrumb\",\"itemListElement\":[{\"@type\":\"ListItem\",\"position\":1,\"name\":\"Domov\",\"item\":\"https:\/\/www.keepi.sk\/\"},{\"@type\":\"ListItem\",\"position\":2,\"name\":\"30 rokov na vrchole podnikov\u00fdch IS na Slovensku\"}]},{\"@type\":\"WebSite\",\"@id\":\"https:\/\/www.keepi.sk\/#website\",\"url\":\"https:\/\/www.keepi.sk\/\",\"name\":\"Online \u00fa\u010dtovn\u00edctvo a faktur\u00e1cia\",\"description\":\"Keepi - tvoj osobn\u00fd \u00fa\u010dtovn\u00edk \/ Online \u00fa\u010dtovn\u00edctvo a faktur\u00e1cia\",\"publisher\":{\"@id\":\"https:\/\/www.keepi.sk\/#organization\"},\"potentialAction\":[{\"@type\":\"SearchAction\",\"target\":{\"@type\":\"EntryPoint\",\"urlTemplate\":\"https:\/\/www.keepi.sk\/?s={search_term_string}\"},\"query-input\":{\"@type\":\"PropertyValueSpecification\",\"valueRequired\":true,\"valueName\":\"search_term_string\"}}],\"inLanguage\":\"en-US\"},{\"@type\":\"Organization\",\"@id\":\"https:\/\/www.keepi.sk\/#organization\",\"name\":\"Keepi\",\"url\":\"https:\/\/www.keepi.sk\/\",\"logo\":{\"@type\":\"ImageObject\",\"inLanguage\":\"en-US\",\"@id\":\"https:\/\/www.keepi.sk\/#\/schema\/logo\/image\/\",\"url\":\"https:\/\/www.keepi.sk\/wp-content\/uploads\/2025\/10\/keepi-logo-header-2.png\",\"contentUrl\":\"https:\/\/www.keepi.sk\/wp-content\/uploads\/2025\/10\/keepi-logo-header-2.png\",\"width\":506,\"height\":144,\"caption\":\"Keepi\"},\"image\":{\"@id\":\"https:\/\/www.keepi.sk\/#\/schema\/logo\/image\/\"}},{\"@type\":\"Person\",\"@id\":\"https:\/\/www.keepi.sk\/#\/schema\/person\/e0dc721875c8bd4d2f84b76df887f355\",\"name\":\"Barborka Hajd\u00e1kov\u00e1\",\"image\":{\"@type\":\"ImageObject\",\"inLanguage\":\"en-US\",\"@id\":\"https:\/\/www.keepi.sk\/#\/schema\/person\/image\/\",\"url\":\"https:\/\/secure.gravatar.com\/avatar\/ed98df185607809e0e2877bdd1a9c3bafe1767158a122476f10659ad16d4a640?s=96&d=mm&r=g\",\"contentUrl\":\"https:\/\/secure.gravatar.com\/avatar\/ed98df185607809e0e2877bdd1a9c3bafe1767158a122476f10659ad16d4a640?s=96&d=mm&r=g\",\"caption\":\"Barborka Hajd\u00e1kov\u00e1\"},\"url\":\"https:\/\/www.keepi.sk\/en\/author\/bhajdakova\/\"}]}<\/script>\n<!-- \/ Yoast SEO Premium plugin. -->","yoast_head_json":{"title":"30 rokov na vrchole podnikov\u00fdch IS na Slovensku - Keepi online \u00fa\u010dtovn\u00edctvo","robots":{"index":"index","follow":"follow","max-snippet":"max-snippet:-1","max-image-preview":"max-image-preview:large","max-video-preview":"max-video-preview:-1"},"canonical":"https:\/\/www.keepi.sk\/en\/30-rokov-na-vrchole-podnikovych-is-na-slovensku\/","og_locale":"en_US","og_type":"article","og_title":"30 rokov na vrchole podnikov\u00fdch IS na Slovensku","og_description":"SOFTIP potvrdil poz\u00edciu najv\u00e4\u010d\u0161ieho slovensk\u00e9ho v\u00fdrobcu podnikov\u00fdch informa\u010dn\u00fdch syst\u00e9mov. Vypl\u00fdva to z najnov\u0161ieho prieskumu ERP na Slovensku, ktor\u00fd uskuto\u010dnila redakcia technologick\u00e9ho magaz\u00ednu NEXTECH. V r\u00e1mci prieskumu boli osloven\u00e9 obchodn\u00e9 zast\u00fapenia zahrani\u010dn\u00fdch firiem p\u00f4sobiacich na Slovensku, predajcovia a implement\u00e1tori ich produktov a lok\u00e1lni producenti ekonomick\u00fdch informa\u010dn\u00fdch syst\u00e9mov.","og_url":"https:\/\/www.keepi.sk\/en\/30-rokov-na-vrchole-podnikovych-is-na-slovensku\/","og_site_name":"Keepi online \u00fa\u010dtovn\u00edctvo","article_published_time":"2021-06-07T07:39:33+00:00","article_modified_time":"2025-07-24T21:00:55+00:00","og_image":[{"width":1170,"height":612,"url":"https:\/\/www.keepi.sk\/wp-content\/uploads\/2024\/08\/30-rokov-na-vrchole-erp-na-slovensku-1200x628-1.jpg","type":"image\/jpeg"}],"author":"Barborka Hajd\u00e1kov\u00e1","twitter_card":"summary_large_image","twitter_misc":{"Written by":"Barborka Hajd\u00e1kov\u00e1","Est. reading time":"1 minute"},"schema":{"@context":"https:\/\/schema.org","@graph":[{"@type":"Article","@id":"https:\/\/www.keepi.sk\/30-rokov-na-vrchole-podnikovych-is-na-slovensku\/#article","isPartOf":{"@id":"https:\/\/www.keepi.sk\/30-rokov-na-vrchole-podnikovych-is-na-slovensku\/"},"author":{"name":"Barborka Hajd\u00e1kov\u00e1","@id":"https:\/\/www.keepi.sk\/#\/schema\/person\/e0dc721875c8bd4d2f84b76df887f355"},"headline":"30 rokov na vrchole podnikov\u00fdch IS na Slovensku","datePublished":"2021-06-07T07:39:33+00:00","dateModified":"2025-07-24T21:00:55+00:00","mainEntityOfPage":{"@id":"https:\/\/www.keepi.sk\/30-rokov-na-vrchole-podnikovych-is-na-slovensku\/"},"wordCount":204,"publisher":{"@id":"https:\/\/www.keepi.sk\/#organization"},"image":{"@id":"https:\/\/www.keepi.sk\/30-rokov-na-vrchole-podnikovych-is-na-slovensku\/#primaryimage"},"thumbnailUrl":"https:\/\/www.keepi.sk\/wp-content\/uploads\/2024\/08\/30-rokov-na-vrchole-erp-na-slovensku-1200x628-1.jpg","keywords":["Aktuality"],"articleSection":["Nezaraden\u00e9"],"inLanguage":"en-US"},{"@type":"WebPage","@id":"https:\/\/www.keepi.sk\/30-rokov-na-vrchole-podnikovych-is-na-slovensku\/","url":"https:\/\/www.keepi.sk\/30-rokov-na-vrchole-podnikovych-is-na-slovensku\/","name":"30 rokov na vrchole podnikov\u00fdch IS na Slovensku - Keepi online \u00fa\u010dtovn\u00edctvo","isPartOf":{"@id":"https:\/\/www.keepi.sk\/#website"},"primaryImageOfPage":{"@id":"https:\/\/www.keepi.sk\/30-rokov-na-vrchole-podnikovych-is-na-slovensku\/#primaryimage"},"image":{"@id":"https:\/\/www.keepi.sk\/30-rokov-na-vrchole-podnikovych-is-na-slovensku\/#primaryimage"},"thumbnailUrl":"https:\/\/www.keepi.sk\/wp-content\/uploads\/2024\/08\/30-rokov-na-vrchole-erp-na-slovensku-1200x628-1.jpg","datePublished":"2021-06-07T07:39:33+00:00","dateModified":"2025-07-24T21:00:55+00:00","breadcrumb":{"@id":"https:\/\/www.keepi.sk\/30-rokov-na-vrchole-podnikovych-is-na-slovensku\/#breadcrumb"},"inLanguage":"en-US","potentialAction":[{"@type":"ReadAction","target":["https:\/\/www.keepi.sk\/30-rokov-na-vrchole-podnikovych-is-na-slovensku\/"]}]},{"@type":"ImageObject","inLanguage":"en-US","@id":"https:\/\/www.keepi.sk\/30-rokov-na-vrchole-podnikovych-is-na-slovensku\/#primaryimage","url":"https:\/\/www.keepi.sk\/wp-content\/uploads\/2024\/08\/30-rokov-na-vrchole-erp-na-slovensku-1200x628-1.jpg","contentUrl":"https:\/\/www.keepi.sk\/wp-content\/uploads\/2024\/08\/30-rokov-na-vrchole-erp-na-slovensku-1200x628-1.jpg","width":1170,"height":612},{"@type":"BreadcrumbList","@id":"https:\/\/www.keepi.sk\/30-rokov-na-vrchole-podnikovych-is-na-slovensku\/#breadcrumb","itemListElement":[{"@type":"ListItem","position":1,"name":"Domov","item":"https:\/\/www.keepi.sk\/"},{"@type":"ListItem","position":2,"name":"30 rokov na vrchole podnikov\u00fdch IS na Slovensku"}]},{"@type":"WebSite","@id":"https:\/\/www.keepi.sk\/#website","url":"https:\/\/www.keepi.sk\/","name":"Online \u00fa\u010dtovn\u00edctvo a faktur\u00e1cia","description":"Keepi - tvoj osobn\u00fd \u00fa\u010dtovn\u00edk \/ Online \u00fa\u010dtovn\u00edctvo a faktur\u00e1cia","publisher":{"@id":"https:\/\/www.keepi.sk\/#organization"},"potentialAction":[{"@type":"SearchAction","target":{"@type":"EntryPoint","urlTemplate":"https:\/\/www.keepi.sk\/?s={search_term_string}"},"query-input":{"@type":"PropertyValueSpecification","valueRequired":true,"valueName":"search_term_string"}}],"inLanguage":"en-US"},{"@type":"Organization","@id":"https:\/\/www.keepi.sk\/#organization","name":"Keepi","url":"https:\/\/www.keepi.sk\/","logo":{"@type":"ImageObject","inLanguage":"en-US","@id":"https:\/\/www.keepi.sk\/#\/schema\/logo\/image\/","url":"https:\/\/www.keepi.sk\/wp-content\/uploads\/2025\/10\/keepi-logo-header-2.png","contentUrl":"https:\/\/www.keepi.sk\/wp-content\/uploads\/2025\/10\/keepi-logo-header-2.png","width":506,"height":144,"caption":"Keepi"},"image":{"@id":"https:\/\/www.keepi.sk\/#\/schema\/logo\/image\/"}},{"@type":"Person","@id":"https:\/\/www.keepi.sk\/#\/schema\/person\/e0dc721875c8bd4d2f84b76df887f355","name":"Barborka Hajd\u00e1kov\u00e1","image":{"@type":"ImageObject","inLanguage":"en-US","@id":"https:\/\/www.keepi.sk\/#\/schema\/person\/image\/","url":"https:\/\/secure.gravatar.com\/avatar\/ed98df185607809e0e2877bdd1a9c3bafe1767158a122476f10659ad16d4a640?s=96&d=mm&r=g","contentUrl":"https:\/\/secure.gravatar.com\/avatar\/ed98df185607809e0e2877bdd1a9c3bafe1767158a122476f10659ad16d4a640?s=96&d=mm&r=g","caption":"Barborka Hajd\u00e1kov\u00e1"},"url":"https:\/\/www.keepi.sk\/en\/author\/bhajdakova\/"}]}},"_links":{"self":[{"href":"https:\/\/www.keepi.sk\/en\/wp-json\/wp\/v2\/posts\/2533","targetHints":{"allow":["GET"]}}],"collection":[{"href":"https:\/\/www.keepi.sk\/en\/wp-json\/wp\/v2\/posts"}],"about":[{"href":"https:\/\/www.keepi.sk\/en\/wp-json\/wp\/v2\/types\/post"}],"author":[{"embeddable":true,"href":"https:\/\/www.keepi.sk\/en\/wp-json\/wp\/v2\/users\/6"}],"replies":[{"embeddable":true,"href":"https:\/\/www.keepi.sk\/en\/wp-json\/wp\/v2\/comments?post=2533"}],"version-history":[{"count":4,"href":"https:\/\/www.keepi.sk\/en\/wp-json\/wp\/v2\/posts\/2533\/revisions"}],"predecessor-version":[{"id":2540,"href":"https:\/\/www.keepi.sk\/en\/wp-json\/wp\/v2\/posts\/2533\/revisions\/2540"}],"wp:featuredmedia":[{"embeddable":true,"href":"https:\/\/www.keepi.sk\/en\/wp-json\/wp\/v2\/media\/2534"}],"wp:attachment":[{"href":"https:\/\/www.keepi.sk\/en\/wp-json\/wp\/v2\/media?parent=2533"}],"wp:term":[{"taxonomy":"category","embeddable":true,"href":"https:\/\/www.keepi.sk\/en\/wp-json\/wp\/v2\/categories?post=2533"},{"taxonomy":"post_tag","embeddable":true,"href":"https:\/\/www.keepi.sk\/en\/wp-json\/wp\/v2\/tags?post=2533"}],"curies":[{"name":"wp","href":"https:\/\/api.w.org\/{rel}","templated":true}]}}